{"id":3927,"date":"2024-05-29T08:00:34","date_gmt":"2024-05-29T06:00:34","guid":{"rendered":"https:\/\/www.koest.ch\/reunion-du-groupe-parlementaire-sur-la-pediatrie-du-28-mai-2024-ameliorer-la-securite-dapprovisionnement-des-medicaments-pediatriques-dont-le-brevet-est-tombe-dans-le-domaine-public\/"},"modified":"2025-05-08T17:22:29","modified_gmt":"2025-05-08T15:22:29","slug":"reunion-du-groupe-parlementaire-sur-la-pediatrie-du-28-mai-2024-ameliorer-la-securite-dapprovisionnement-des-medicaments-pediatriques-dont-le-brevet-est-tombe-dans-le-domaine-public","status":"publish","type":"post","link":"https:\/\/www.koest.ch\/fr\/reunion-du-groupe-parlementaire-sur-la-pediatrie-du-28-mai-2024-ameliorer-la-securite-dapprovisionnement-des-medicaments-pediatriques-dont-le-brevet-est-tombe-dans-le-domaine-public\/","title":{"rendered":"R\u00e9union de l&rsquo;intergroupe parlementaire de la m\u00e9dicine p\u00e9diatrique du 28 mai 2024 : am\u00e9liorer la s\u00e9curit\u00e9 d&rsquo;approvisionnement des m\u00e9dicaments p\u00e9diatriques dont le brevet est tomb\u00e9 dans le domaine public"},"content":{"rendered":"<p><strong>De nombreux m\u00e9dicaments p\u00e9diatriques &#8211; en particulier ceux qui sont bon march\u00e9 et dont les brevets ont expir\u00e9 &#8211; manquent sur le march\u00e9 suisse. Certains nouveaux produits ne sont pas lanc\u00e9s car les exigences en mati\u00e8re d&rsquo;autorisation sont jug\u00e9es trop \u00e9lev\u00e9es et le prix de vente trop bas pour un march\u00e9 restreint. Lors de la r\u00e9union de l&rsquo;intergroupe parlementaire de la m\u00e9dicine p\u00e9diatrique, une solution a \u00e9t\u00e9 propos\u00e9e, qui peut \u00eatre mise en \u0153uvre au niveau de l&rsquo;ordonnance si la volont\u00e9 politique existe. <\/strong><!--more--> La p\u00e9nurie de m\u00e9dicaments p\u00e9diatriques est due \u00e0 de nombreux facteurs, dont certains seulement peuvent \u00eatre influenc\u00e9s par un petit pays comme la Suisse. Le groupe d&rsquo;experts en p\u00e9diatrie a charg\u00e9 le m\u00e9decin et avocat bernois Andreas Wildi (WalderWyss) d&rsquo;\u00e9laborer une proposition de solution pour un meilleur approvisionnement en m\u00e9dicaments p\u00e9diatriques dont le brevet est tomb\u00e9 dans le domaine public, solution qui pourrait \u00eatre mise en \u0153uvre au niveau de l&rsquo;ordonnance. Lors de la r\u00e9union du groupe parlementaire, le conseiller national et copr\u00e9sident Benjamin Roduit (centre VS) a fait une introduction. \u00ab Demandez au Surveillant des prix, les prix des m\u00e9dicaments dont le brevet a expir\u00e9 sont trop \u00e9lev\u00e9s, demandez \u00e0 l&rsquo;industrie, ils sont trop bas \u00bb, a expliqu\u00e9 Roduit. Marc Sidler, pr\u00e9sident de P\u00e9diatrie Suisse, a montr\u00e9 le nombre de m\u00e9dicaments qui manquent aujourd&rsquo;hui dans les cabinets m\u00e9dicaux et la charge de travail que cela repr\u00e9sente pour les p\u00e9diatres. Andreas Wildi a pr\u00e9sent\u00e9 sa proposition. Celui-ci pr\u00e9voit que les p\u00e9diatres r\u00e9digent une liste des m\u00e9dicaments utilis\u00e9s en ambulatoire et en milieu hospitalier dont ils ont besoin. Les m\u00e9dicaments qui figurent sur la liste mais qui ne sont pas disponibles en Suisse ou qui ne sont (plus) autoris\u00e9s doivent pouvoir \u00eatre obtenus l\u00e9galement pour une dur\u00e9e limit\u00e9e en modifiant les ordonnances. Il s&rsquo;agit principalement de r\u00e9visions partielles de l&rsquo;ordonnance sur la constitution de r\u00e9serves obligatoires de m\u00e9dicaments et de l&rsquo;ordonnance du CPS sur la constitution de r\u00e9serves obligatoires de m\u00e9dicaments, de l&rsquo;ordonnance sur l&rsquo;autorisation des m\u00e9dicaments (OAM\u00e9d) et de l&rsquo;ordonnance sur l&rsquo;assurance-maladie (OAMal). Le pharmacien Franz von Heeren (Mepha \/ Teva) a mis en \u00e9vidence le probl\u00e8me suivant : dans le domaine des m\u00e9dicaments p\u00e9diatriques dont le brevet a expir\u00e9, les ventes sont si faibles qu&rsquo;elles ne couvrent souvent pas les co\u00fbts de maintien d&rsquo;une autorisation de mise sur le march\u00e9. La pharmacienne Nadine Broder, responsable de l&rsquo;Office f\u00e9d\u00e9rale pour l&rsquo;approvisionnement \u00e9conomique due pays OFAE, a montr\u00e9 les possibilit\u00e9s et les limites de l&rsquo;Office f\u00e9d\u00e9ral pour l&rsquo;approvisionnement \u00e9conomique du pays OFAE. La conseill\u00e8re aux Etats et copr\u00e9sidente Flavia Wasserfallen (PS BE) a anim\u00e9 avec brio la s\u00e9ance de questions-r\u00e9ponses qui a suivi. Certains repr\u00e9sentants des autorit\u00e9s ont d\u00e9fendu leur position selon laquelle une autorisation nationale est toujours n\u00e9cessaire pour garantir la s\u00e9curit\u00e9 des patients et la qualit\u00e9 des m\u00e9dicaments. Il a \u00e9t\u00e9 r\u00e9pondu que la solution propos\u00e9e \u00e9tait plus s\u00fbre que l&rsquo;importation individuelle, lourde et compliqu\u00e9e, qui est l\u00e9galement possible aujourd&rsquo;hui. D&rsquo;autres repr\u00e9sentants des autorit\u00e9s se sont montr\u00e9s ouverts \u00e0 un mandat politique visant \u00e0 am\u00e9liorer la s\u00e9curit\u00e9 de l&rsquo;approvisionnement. &nbsp;<\/p>\n<p>&nbsp;<\/p>\n<p>&nbsp;<\/p>\n<p>&nbsp;<\/p>\n","protected":false},"excerpt":{"rendered":"<p>De nombreux m\u00e9dicaments p\u00e9diatriques &#8211; en particulier ceux qui sont bon march\u00e9 et dont les brevets ont expir\u00e9 &#8211; manquent sur le march\u00e9 suisse. Certains [&hellip;]<\/p>\n","protected":false},"author":6,"featured_media":3920,"comment_status":"closed","ping_status":"closed","sticky":false,"template":"","format":"standard","meta":{"_acf_changed":false,"site-sidebar-layout":"default","site-content-layout":"","ast-site-content-layout":"default","site-content-style":"default","site-sidebar-style":"default","ast-global-header-display":"","ast-banner-title-visibility":"","ast-main-header-display":"","ast-hfb-above-header-display":"","ast-hfb-below-header-display":"","ast-hfb-mobile-header-display":"","site-post-title":"","ast-breadcrumbs-content":"","ast-featured-img":"","footer-sml-layout":"","ast-disable-related-posts":"","theme-transparent-header-meta":"default","adv-header-id-meta":"","stick-header-meta":"","header-above-stick-meta":"","header-main-stick-meta":"","header-below-stick-meta":"","astra-migrate-meta-layouts":"set","ast-page-background-enabled":"default","ast-page-background-meta":{"desktop":{"background-color":"","background-image":"","background-repeat":"repeat","background-position":"center center","background-size":"auto","background-attachment":"scroll","background-type":"","background-media":"","overlay-type":"","overlay-color":"","overlay-opacity":"","overlay-gradient":""},"tablet":{"background-color":"","background-image":"","background-repeat":"repeat","background-position":"center center","background-size":"auto","background-attachment":"scroll","background-type":"","background-media":"","overlay-type":"","overlay-color":"","overlay-opacity":"","overlay-gradient":""},"mobile":{"background-color":"","background-image":"","background-repeat":"repeat","background-position":"center center","background-size":"auto","background-attachment":"scroll","background-type":"","background-media":"","overlay-type":"","overlay-color":"","overlay-opacity":"","overlay-gradient":""}},"ast-content-background-meta":{"desktop":{"background-color":"var(--ast-global-color-5)","background-image":"","background-repeat":"repeat","background-position":"center center","background-size":"auto","background-attachment":"scroll","background-type":"","background-media":"","overlay-type":"","overlay-color":"","overlay-opacity":"","overlay-gradient":""},"tablet":{"background-color":"var(--ast-global-color-5)","background-image":"","background-repeat":"repeat","background-position":"center center","background-size":"auto","background-attachment":"scroll","background-type":"","background-media":"","overlay-type":"","overlay-color":"","overlay-opacity":"","overlay-gradient":""},"mobile":{"background-color":"var(--ast-global-color-5)","background-image":"","background-repeat":"repeat","background-position":"center center","background-size":"auto","background-attachment":"scroll","background-type":"","background-media":"","overlay-type":"","overlay-color":"","overlay-opacity":"","overlay-gradient":""}},"footnotes":""},"categories":[48],"tags":[],"class_list":["post-3927","post","type-post","status-publish","format-standard","has-post-thumbnail","hentry","category-politique"],"acf":[],"yoast_head":"<!-- This site is optimized with the Yoast SEO plugin v27.4 - https:\/\/yoast.com\/product\/yoast-seo-wordpress\/ -->\n<title>R\u00e9union de l&#039;intergroupe parlementaire de la m\u00e9dicine p\u00e9diatrique du 28 mai 2024 : am\u00e9liorer la s\u00e9curit\u00e9 d&#039;approvisionnement des m\u00e9dicaments p\u00e9diatriques dont le brevet est tomb\u00e9 dans le domaine public | K\u00f6hler, St\u00fcdeli &amp; Partner GmbH<\/title>\n<meta name=\"robots\" content=\"index, follow, max-snippet:-1, max-image-preview:large, max-video-preview:-1\" \/>\n<link rel=\"canonical\" href=\"https:\/\/www.koest.ch\/fr\/reunion-du-groupe-parlementaire-sur-la-pediatrie-du-28-mai-2024-ameliorer-la-securite-dapprovisionnement-des-medicaments-pediatriques-dont-le-brevet-est-tombe-dans-le-domaine-public\/\" \/>\n<meta property=\"og:locale\" content=\"fr_FR\" \/>\n<meta property=\"og:type\" content=\"article\" \/>\n<meta property=\"og:title\" content=\"R\u00e9union de l&#039;intergroupe parlementaire de la m\u00e9dicine p\u00e9diatrique du 28 mai 2024 : am\u00e9liorer la s\u00e9curit\u00e9 d&#039;approvisionnement des m\u00e9dicaments p\u00e9diatriques dont le brevet est tomb\u00e9 dans le domaine public | K\u00f6hler, St\u00fcdeli &amp; Partner GmbH\" \/>\n<meta property=\"og:description\" content=\"De nombreux m\u00e9dicaments p\u00e9diatriques &#8211; en particulier ceux qui sont bon march\u00e9 et dont les brevets ont expir\u00e9 &#8211; manquent sur le march\u00e9 suisse. Certains [&hellip;]\" \/>\n<meta property=\"og:url\" content=\"https:\/\/www.koest.ch\/fr\/reunion-du-groupe-parlementaire-sur-la-pediatrie-du-28-mai-2024-ameliorer-la-securite-dapprovisionnement-des-medicaments-pediatriques-dont-le-brevet-est-tombe-dans-le-domaine-public\/\" \/>\n<meta property=\"og:site_name\" content=\"K\u00f6hler, St\u00fcdeli &amp; Partner GmbH\" \/>\n<meta property=\"article:publisher\" content=\"https:\/\/www.facebook.com\/koehlerstuedeli\/\" \/>\n<meta property=\"article:published_time\" content=\"2024-05-29T06:00:34+00:00\" \/>\n<meta property=\"article:modified_time\" content=\"2025-05-08T15:22:29+00:00\" \/>\n<meta property=\"og:image\" content=\"https:\/\/www.koest.ch\/wp-content\/uploads\/2024\/06\/ParlG.jpg\" \/>\n\t<meta property=\"og:image:width\" content=\"1512\" \/>\n\t<meta property=\"og:image:height\" content=\"1512\" \/>\n\t<meta property=\"og:image:type\" content=\"image\/jpeg\" \/>\n<meta name=\"author\" content=\"Walter St\u00fcdeli\" \/>\n<script type=\"application\/ld+json\" class=\"yoast-schema-graph\">{\"@context\":\"https:\\\/\\\/schema.org\",\"@graph\":[{\"@type\":\"Article\",\"@id\":\"https:\\\/\\\/www.koest.ch\\\/fr\\\/reunion-du-groupe-parlementaire-sur-la-pediatrie-du-28-mai-2024-ameliorer-la-securite-dapprovisionnement-des-medicaments-pediatriques-dont-le-brevet-est-tombe-dans-le-domaine-public\\\/#article\",\"isPartOf\":{\"@id\":\"https:\\\/\\\/www.koest.ch\\\/fr\\\/reunion-du-groupe-parlementaire-sur-la-pediatrie-du-28-mai-2024-ameliorer-la-securite-dapprovisionnement-des-medicaments-pediatriques-dont-le-brevet-est-tombe-dans-le-domaine-public\\\/\"},\"author\":{\"name\":\"Walter St\u00fcdeli\",\"@id\":\"https:\\\/\\\/www.koest.ch\\\/fr\\\/#\\\/schema\\\/person\\\/f0ee5b8568fa4809a76af88e0ea07fe4\"},\"headline\":\"R\u00e9union de l&rsquo;intergroupe parlementaire de la m\u00e9dicine p\u00e9diatrique du 28 mai 2024 : am\u00e9liorer la s\u00e9curit\u00e9 d&rsquo;approvisionnement des m\u00e9dicaments p\u00e9diatriques dont le brevet est tomb\u00e9 dans le domaine public\",\"datePublished\":\"2024-05-29T06:00:34+00:00\",\"dateModified\":\"2025-05-08T15:22:29+00:00\",\"mainEntityOfPage\":{\"@id\":\"https:\\\/\\\/www.koest.ch\\\/fr\\\/reunion-du-groupe-parlementaire-sur-la-pediatrie-du-28-mai-2024-ameliorer-la-securite-dapprovisionnement-des-medicaments-pediatriques-dont-le-brevet-est-tombe-dans-le-domaine-public\\\/\"},\"wordCount\":634,\"publisher\":{\"@id\":\"https:\\\/\\\/www.koest.ch\\\/fr\\\/#organization\"},\"image\":{\"@id\":\"https:\\\/\\\/www.koest.ch\\\/fr\\\/reunion-du-groupe-parlementaire-sur-la-pediatrie-du-28-mai-2024-ameliorer-la-securite-dapprovisionnement-des-medicaments-pediatriques-dont-le-brevet-est-tombe-dans-le-domaine-public\\\/#primaryimage\"},\"thumbnailUrl\":\"https:\\\/\\\/www.koest.ch\\\/wp-content\\\/uploads\\\/2024\\\/06\\\/ParlG.jpg\",\"articleSection\":[\"Politique\"],\"inLanguage\":\"fr-FR\"},{\"@type\":[\"WebPage\",\"MedicalWebPage\"],\"@id\":\"https:\\\/\\\/www.koest.ch\\\/fr\\\/reunion-du-groupe-parlementaire-sur-la-pediatrie-du-28-mai-2024-ameliorer-la-securite-dapprovisionnement-des-medicaments-pediatriques-dont-le-brevet-est-tombe-dans-le-domaine-public\\\/\",\"url\":\"https:\\\/\\\/www.koest.ch\\\/fr\\\/reunion-du-groupe-parlementaire-sur-la-pediatrie-du-28-mai-2024-ameliorer-la-securite-dapprovisionnement-des-medicaments-pediatriques-dont-le-brevet-est-tombe-dans-le-domaine-public\\\/\",\"name\":\"R\u00e9union de l'intergroupe parlementaire de la m\u00e9dicine p\u00e9diatrique du 28 mai 2024 : am\u00e9liorer la s\u00e9curit\u00e9 d'approvisionnement des m\u00e9dicaments p\u00e9diatriques dont le brevet est tomb\u00e9 dans le domaine public | K\u00f6hler, St\u00fcdeli &amp; Partner GmbH\",\"isPartOf\":{\"@id\":\"https:\\\/\\\/www.koest.ch\\\/fr\\\/#website\"},\"primaryImageOfPage\":{\"@id\":\"https:\\\/\\\/www.koest.ch\\\/fr\\\/reunion-du-groupe-parlementaire-sur-la-pediatrie-du-28-mai-2024-ameliorer-la-securite-dapprovisionnement-des-medicaments-pediatriques-dont-le-brevet-est-tombe-dans-le-domaine-public\\\/#primaryimage\"},\"image\":{\"@id\":\"https:\\\/\\\/www.koest.ch\\\/fr\\\/reunion-du-groupe-parlementaire-sur-la-pediatrie-du-28-mai-2024-ameliorer-la-securite-dapprovisionnement-des-medicaments-pediatriques-dont-le-brevet-est-tombe-dans-le-domaine-public\\\/#primaryimage\"},\"thumbnailUrl\":\"https:\\\/\\\/www.koest.ch\\\/wp-content\\\/uploads\\\/2024\\\/06\\\/ParlG.jpg\",\"datePublished\":\"2024-05-29T06:00:34+00:00\",\"dateModified\":\"2025-05-08T15:22:29+00:00\",\"breadcrumb\":{\"@id\":\"https:\\\/\\\/www.koest.ch\\\/fr\\\/reunion-du-groupe-parlementaire-sur-la-pediatrie-du-28-mai-2024-ameliorer-la-securite-dapprovisionnement-des-medicaments-pediatriques-dont-le-brevet-est-tombe-dans-le-domaine-public\\\/#breadcrumb\"},\"inLanguage\":\"fr-FR\",\"potentialAction\":[{\"@type\":\"ReadAction\",\"target\":[\"https:\\\/\\\/www.koest.ch\\\/fr\\\/reunion-du-groupe-parlementaire-sur-la-pediatrie-du-28-mai-2024-ameliorer-la-securite-dapprovisionnement-des-medicaments-pediatriques-dont-le-brevet-est-tombe-dans-le-domaine-public\\\/\"]}]},{\"@type\":\"ImageObject\",\"inLanguage\":\"fr-FR\",\"@id\":\"https:\\\/\\\/www.koest.ch\\\/fr\\\/reunion-du-groupe-parlementaire-sur-la-pediatrie-du-28-mai-2024-ameliorer-la-securite-dapprovisionnement-des-medicaments-pediatriques-dont-le-brevet-est-tombe-dans-le-domaine-public\\\/#primaryimage\",\"url\":\"https:\\\/\\\/www.koest.ch\\\/wp-content\\\/uploads\\\/2024\\\/06\\\/ParlG.jpg\",\"contentUrl\":\"https:\\\/\\\/www.koest.ch\\\/wp-content\\\/uploads\\\/2024\\\/06\\\/ParlG.jpg\",\"width\":1512,\"height\":1512},{\"@type\":\"BreadcrumbList\",\"@id\":\"https:\\\/\\\/www.koest.ch\\\/fr\\\/reunion-du-groupe-parlementaire-sur-la-pediatrie-du-28-mai-2024-ameliorer-la-securite-dapprovisionnement-des-medicaments-pediatriques-dont-le-brevet-est-tombe-dans-le-domaine-public\\\/#breadcrumb\",\"itemListElement\":[{\"@type\":\"ListItem\",\"position\":1,\"name\":\"Startseite\",\"item\":\"https:\\\/\\\/www.koest.ch\\\/fr\\\/koehler-stuedeli-partner-gmbh\\\/\"},{\"@type\":\"ListItem\",\"position\":2,\"name\":\"R\u00e9union de l&rsquo;intergroupe parlementaire de la m\u00e9dicine p\u00e9diatrique du 28 mai 2024 : am\u00e9liorer la s\u00e9curit\u00e9 d&rsquo;approvisionnement des m\u00e9dicaments p\u00e9diatriques dont le brevet est tomb\u00e9 dans le domaine public\"}]},{\"@type\":\"WebSite\",\"@id\":\"https:\\\/\\\/www.koest.ch\\\/fr\\\/#website\",\"url\":\"https:\\\/\\\/www.koest.ch\\\/fr\\\/\",\"name\":\"K\u00f6hler, St\u00fcdeli & Partner GmbH\",\"description\":\"Politikberatung, Verbands- und Kommunikationsmanagement, Kampagnen\",\"publisher\":{\"@id\":\"https:\\\/\\\/www.koest.ch\\\/fr\\\/#organization\"},\"alternateName\":\"koest.ch\",\"potentialAction\":[{\"@type\":\"SearchAction\",\"target\":{\"@type\":\"EntryPoint\",\"urlTemplate\":\"https:\\\/\\\/www.koest.ch\\\/fr\\\/?s={search_term_string}\"},\"query-input\":{\"@type\":\"PropertyValueSpecification\",\"valueRequired\":true,\"valueName\":\"search_term_string\"}}],\"inLanguage\":\"fr-FR\"},{\"@type\":\"Organization\",\"@id\":\"https:\\\/\\\/www.koest.ch\\\/fr\\\/#organization\",\"name\":\"K\u00f6hler, St\u00fcdeli & Partner GmbH\",\"alternateName\":\"koest.ch\",\"url\":\"https:\\\/\\\/www.koest.ch\\\/fr\\\/\",\"logo\":{\"@type\":\"ImageObject\",\"inLanguage\":\"fr-FR\",\"@id\":\"https:\\\/\\\/www.koest.ch\\\/fr\\\/#\\\/schema\\\/logo\\\/image\\\/\",\"url\":\"https:\\\/\\\/www.koest.ch\\\/wp-content\\\/uploads\\\/2020\\\/01\\\/logo_koehler_stuedeli_partner_gmbh.png\",\"contentUrl\":\"https:\\\/\\\/www.koest.ch\\\/wp-content\\\/uploads\\\/2020\\\/01\\\/logo_koehler_stuedeli_partner_gmbh.png\",\"width\":453,\"height\":220,\"caption\":\"K\u00f6hler, St\u00fcdeli & Partner GmbH\"},\"image\":{\"@id\":\"https:\\\/\\\/www.koest.ch\\\/fr\\\/#\\\/schema\\\/logo\\\/image\\\/\"},\"sameAs\":[\"https:\\\/\\\/www.facebook.com\\\/koehlerstuedeli\\\/\",\"https:\\\/\\\/x.com\\\/walter_stuedeli\",\"https:\\\/\\\/ch.linkedin.com\\\/in\\\/walterstuedeli\"]},{\"@type\":\"Person\",\"@id\":\"https:\\\/\\\/www.koest.ch\\\/fr\\\/#\\\/schema\\\/person\\\/f0ee5b8568fa4809a76af88e0ea07fe4\",\"name\":\"Walter St\u00fcdeli\",\"image\":{\"@type\":\"ImageObject\",\"inLanguage\":\"fr-FR\",\"@id\":\"https:\\\/\\\/secure.gravatar.com\\\/avatar\\\/fae8ed857bf28ec6d2e2fa0a070699ab3f0563684f59a99c86c1dee67b4183b4?s=96&d=mm&r=g\",\"url\":\"https:\\\/\\\/secure.gravatar.com\\\/avatar\\\/fae8ed857bf28ec6d2e2fa0a070699ab3f0563684f59a99c86c1dee67b4183b4?s=96&d=mm&r=g\",\"contentUrl\":\"https:\\\/\\\/secure.gravatar.com\\\/avatar\\\/fae8ed857bf28ec6d2e2fa0a070699ab3f0563684f59a99c86c1dee67b4183b4?s=96&d=mm&r=g\",\"caption\":\"Walter St\u00fcdeli\"}}]}<\/script>\n<!-- \/ Yoast SEO plugin. -->","yoast_head_json":{"title":"R\u00e9union de l'intergroupe parlementaire de la m\u00e9dicine p\u00e9diatrique du 28 mai 2024 : am\u00e9liorer la s\u00e9curit\u00e9 d'approvisionnement des m\u00e9dicaments p\u00e9diatriques dont le brevet est tomb\u00e9 dans le domaine public | K\u00f6hler, St\u00fcdeli &amp; Partner GmbH","robots":{"index":"index","follow":"follow","max-snippet":"max-snippet:-1","max-image-preview":"max-image-preview:large","max-video-preview":"max-video-preview:-1"},"canonical":"https:\/\/www.koest.ch\/fr\/reunion-du-groupe-parlementaire-sur-la-pediatrie-du-28-mai-2024-ameliorer-la-securite-dapprovisionnement-des-medicaments-pediatriques-dont-le-brevet-est-tombe-dans-le-domaine-public\/","og_locale":"fr_FR","og_type":"article","og_title":"R\u00e9union de l'intergroupe parlementaire de la m\u00e9dicine p\u00e9diatrique du 28 mai 2024 : am\u00e9liorer la s\u00e9curit\u00e9 d'approvisionnement des m\u00e9dicaments p\u00e9diatriques dont le brevet est tomb\u00e9 dans le domaine public | K\u00f6hler, St\u00fcdeli &amp; Partner GmbH","og_description":"De nombreux m\u00e9dicaments p\u00e9diatriques &#8211; en particulier ceux qui sont bon march\u00e9 et dont les brevets ont expir\u00e9 &#8211; manquent sur le march\u00e9 suisse. Certains [&hellip;]","og_url":"https:\/\/www.koest.ch\/fr\/reunion-du-groupe-parlementaire-sur-la-pediatrie-du-28-mai-2024-ameliorer-la-securite-dapprovisionnement-des-medicaments-pediatriques-dont-le-brevet-est-tombe-dans-le-domaine-public\/","og_site_name":"K\u00f6hler, St\u00fcdeli &amp; Partner GmbH","article_publisher":"https:\/\/www.facebook.com\/koehlerstuedeli\/","article_published_time":"2024-05-29T06:00:34+00:00","article_modified_time":"2025-05-08T15:22:29+00:00","og_image":[{"width":1512,"height":1512,"url":"https:\/\/www.koest.ch\/wp-content\/uploads\/2024\/06\/ParlG.jpg","type":"image\/jpeg"}],"author":"Walter St\u00fcdeli","schema":{"@context":"https:\/\/schema.org","@graph":[{"@type":"Article","@id":"https:\/\/www.koest.ch\/fr\/reunion-du-groupe-parlementaire-sur-la-pediatrie-du-28-mai-2024-ameliorer-la-securite-dapprovisionnement-des-medicaments-pediatriques-dont-le-brevet-est-tombe-dans-le-domaine-public\/#article","isPartOf":{"@id":"https:\/\/www.koest.ch\/fr\/reunion-du-groupe-parlementaire-sur-la-pediatrie-du-28-mai-2024-ameliorer-la-securite-dapprovisionnement-des-medicaments-pediatriques-dont-le-brevet-est-tombe-dans-le-domaine-public\/"},"author":{"name":"Walter St\u00fcdeli","@id":"https:\/\/www.koest.ch\/fr\/#\/schema\/person\/f0ee5b8568fa4809a76af88e0ea07fe4"},"headline":"R\u00e9union de l&rsquo;intergroupe parlementaire de la m\u00e9dicine p\u00e9diatrique du 28 mai 2024 : am\u00e9liorer la s\u00e9curit\u00e9 d&rsquo;approvisionnement des m\u00e9dicaments p\u00e9diatriques dont le brevet est tomb\u00e9 dans le domaine public","datePublished":"2024-05-29T06:00:34+00:00","dateModified":"2025-05-08T15:22:29+00:00","mainEntityOfPage":{"@id":"https:\/\/www.koest.ch\/fr\/reunion-du-groupe-parlementaire-sur-la-pediatrie-du-28-mai-2024-ameliorer-la-securite-dapprovisionnement-des-medicaments-pediatriques-dont-le-brevet-est-tombe-dans-le-domaine-public\/"},"wordCount":634,"publisher":{"@id":"https:\/\/www.koest.ch\/fr\/#organization"},"image":{"@id":"https:\/\/www.koest.ch\/fr\/reunion-du-groupe-parlementaire-sur-la-pediatrie-du-28-mai-2024-ameliorer-la-securite-dapprovisionnement-des-medicaments-pediatriques-dont-le-brevet-est-tombe-dans-le-domaine-public\/#primaryimage"},"thumbnailUrl":"https:\/\/www.koest.ch\/wp-content\/uploads\/2024\/06\/ParlG.jpg","articleSection":["Politique"],"inLanguage":"fr-FR"},{"@type":["WebPage","MedicalWebPage"],"@id":"https:\/\/www.koest.ch\/fr\/reunion-du-groupe-parlementaire-sur-la-pediatrie-du-28-mai-2024-ameliorer-la-securite-dapprovisionnement-des-medicaments-pediatriques-dont-le-brevet-est-tombe-dans-le-domaine-public\/","url":"https:\/\/www.koest.ch\/fr\/reunion-du-groupe-parlementaire-sur-la-pediatrie-du-28-mai-2024-ameliorer-la-securite-dapprovisionnement-des-medicaments-pediatriques-dont-le-brevet-est-tombe-dans-le-domaine-public\/","name":"R\u00e9union de l'intergroupe parlementaire de la m\u00e9dicine p\u00e9diatrique du 28 mai 2024 : am\u00e9liorer la s\u00e9curit\u00e9 d'approvisionnement des m\u00e9dicaments p\u00e9diatriques dont le brevet est tomb\u00e9 dans le domaine public | K\u00f6hler, St\u00fcdeli &amp; Partner GmbH","isPartOf":{"@id":"https:\/\/www.koest.ch\/fr\/#website"},"primaryImageOfPage":{"@id":"https:\/\/www.koest.ch\/fr\/reunion-du-groupe-parlementaire-sur-la-pediatrie-du-28-mai-2024-ameliorer-la-securite-dapprovisionnement-des-medicaments-pediatriques-dont-le-brevet-est-tombe-dans-le-domaine-public\/#primaryimage"},"image":{"@id":"https:\/\/www.koest.ch\/fr\/reunion-du-groupe-parlementaire-sur-la-pediatrie-du-28-mai-2024-ameliorer-la-securite-dapprovisionnement-des-medicaments-pediatriques-dont-le-brevet-est-tombe-dans-le-domaine-public\/#primaryimage"},"thumbnailUrl":"https:\/\/www.koest.ch\/wp-content\/uploads\/2024\/06\/ParlG.jpg","datePublished":"2024-05-29T06:00:34+00:00","dateModified":"2025-05-08T15:22:29+00:00","breadcrumb":{"@id":"https:\/\/www.koest.ch\/fr\/reunion-du-groupe-parlementaire-sur-la-pediatrie-du-28-mai-2024-ameliorer-la-securite-dapprovisionnement-des-medicaments-pediatriques-dont-le-brevet-est-tombe-dans-le-domaine-public\/#breadcrumb"},"inLanguage":"fr-FR","potentialAction":[{"@type":"ReadAction","target":["https:\/\/www.koest.ch\/fr\/reunion-du-groupe-parlementaire-sur-la-pediatrie-du-28-mai-2024-ameliorer-la-securite-dapprovisionnement-des-medicaments-pediatriques-dont-le-brevet-est-tombe-dans-le-domaine-public\/"]}]},{"@type":"ImageObject","inLanguage":"fr-FR","@id":"https:\/\/www.koest.ch\/fr\/reunion-du-groupe-parlementaire-sur-la-pediatrie-du-28-mai-2024-ameliorer-la-securite-dapprovisionnement-des-medicaments-pediatriques-dont-le-brevet-est-tombe-dans-le-domaine-public\/#primaryimage","url":"https:\/\/www.koest.ch\/wp-content\/uploads\/2024\/06\/ParlG.jpg","contentUrl":"https:\/\/www.koest.ch\/wp-content\/uploads\/2024\/06\/ParlG.jpg","width":1512,"height":1512},{"@type":"BreadcrumbList","@id":"https:\/\/www.koest.ch\/fr\/reunion-du-groupe-parlementaire-sur-la-pediatrie-du-28-mai-2024-ameliorer-la-securite-dapprovisionnement-des-medicaments-pediatriques-dont-le-brevet-est-tombe-dans-le-domaine-public\/#breadcrumb","itemListElement":[{"@type":"ListItem","position":1,"name":"Startseite","item":"https:\/\/www.koest.ch\/fr\/koehler-stuedeli-partner-gmbh\/"},{"@type":"ListItem","position":2,"name":"R\u00e9union de l&rsquo;intergroupe parlementaire de la m\u00e9dicine p\u00e9diatrique du 28 mai 2024 : am\u00e9liorer la s\u00e9curit\u00e9 d&rsquo;approvisionnement des m\u00e9dicaments p\u00e9diatriques dont le brevet est tomb\u00e9 dans le domaine public"}]},{"@type":"WebSite","@id":"https:\/\/www.koest.ch\/fr\/#website","url":"https:\/\/www.koest.ch\/fr\/","name":"K\u00f6hler, St\u00fcdeli & Partner GmbH","description":"Politikberatung, Verbands- und Kommunikationsmanagement, Kampagnen","publisher":{"@id":"https:\/\/www.koest.ch\/fr\/#organization"},"alternateName":"koest.ch","potentialAction":[{"@type":"SearchAction","target":{"@type":"EntryPoint","urlTemplate":"https:\/\/www.koest.ch\/fr\/?s={search_term_string}"},"query-input":{"@type":"PropertyValueSpecification","valueRequired":true,"valueName":"search_term_string"}}],"inLanguage":"fr-FR"},{"@type":"Organization","@id":"https:\/\/www.koest.ch\/fr\/#organization","name":"K\u00f6hler, St\u00fcdeli & Partner GmbH","alternateName":"koest.ch","url":"https:\/\/www.koest.ch\/fr\/","logo":{"@type":"ImageObject","inLanguage":"fr-FR","@id":"https:\/\/www.koest.ch\/fr\/#\/schema\/logo\/image\/","url":"https:\/\/www.koest.ch\/wp-content\/uploads\/2020\/01\/logo_koehler_stuedeli_partner_gmbh.png","contentUrl":"https:\/\/www.koest.ch\/wp-content\/uploads\/2020\/01\/logo_koehler_stuedeli_partner_gmbh.png","width":453,"height":220,"caption":"K\u00f6hler, St\u00fcdeli & Partner GmbH"},"image":{"@id":"https:\/\/www.koest.ch\/fr\/#\/schema\/logo\/image\/"},"sameAs":["https:\/\/www.facebook.com\/koehlerstuedeli\/","https:\/\/x.com\/walter_stuedeli","https:\/\/ch.linkedin.com\/in\/walterstuedeli"]},{"@type":"Person","@id":"https:\/\/www.koest.ch\/fr\/#\/schema\/person\/f0ee5b8568fa4809a76af88e0ea07fe4","name":"Walter St\u00fcdeli","image":{"@type":"ImageObject","inLanguage":"fr-FR","@id":"https:\/\/secure.gravatar.com\/avatar\/fae8ed857bf28ec6d2e2fa0a070699ab3f0563684f59a99c86c1dee67b4183b4?s=96&d=mm&r=g","url":"https:\/\/secure.gravatar.com\/avatar\/fae8ed857bf28ec6d2e2fa0a070699ab3f0563684f59a99c86c1dee67b4183b4?s=96&d=mm&r=g","contentUrl":"https:\/\/secure.gravatar.com\/avatar\/fae8ed857bf28ec6d2e2fa0a070699ab3f0563684f59a99c86c1dee67b4183b4?s=96&d=mm&r=g","caption":"Walter St\u00fcdeli"}}]}},"_links":{"self":[{"href":"https:\/\/www.koest.ch\/fr\/wp-json\/wp\/v2\/posts\/3927","targetHints":{"allow":["GET"]}}],"collection":[{"href":"https:\/\/www.koest.ch\/fr\/wp-json\/wp\/v2\/posts"}],"about":[{"href":"https:\/\/www.koest.ch\/fr\/wp-json\/wp\/v2\/types\/post"}],"author":[{"embeddable":true,"href":"https:\/\/www.koest.ch\/fr\/wp-json\/wp\/v2\/users\/6"}],"replies":[{"embeddable":true,"href":"https:\/\/www.koest.ch\/fr\/wp-json\/wp\/v2\/comments?post=3927"}],"version-history":[{"count":0,"href":"https:\/\/www.koest.ch\/fr\/wp-json\/wp\/v2\/posts\/3927\/revisions"}],"wp:featuredmedia":[{"embeddable":true,"href":"https:\/\/www.koest.ch\/fr\/wp-json\/wp\/v2\/media\/3920"}],"wp:attachment":[{"href":"https:\/\/www.koest.ch\/fr\/wp-json\/wp\/v2\/media?parent=3927"}],"wp:term":[{"taxonomy":"category","embeddable":true,"href":"https:\/\/www.koest.ch\/fr\/wp-json\/wp\/v2\/categories?post=3927"},{"taxonomy":"post_tag","embeddable":true,"href":"https:\/\/www.koest.ch\/fr\/wp-json\/wp\/v2\/tags?post=3927"}],"curies":[{"name":"wp","href":"https:\/\/api.w.org\/{rel}","templated":true}]}}