{"id":4018,"date":"2024-06-12T12:00:13","date_gmt":"2024-06-12T10:00:13","guid":{"rendered":"https:\/\/www.koest.ch\/premiere-reunion-du-groupe-parlementaire-physioswiss\/"},"modified":"2024-08-22T11:35:54","modified_gmt":"2024-08-22T09:35:54","slug":"premiere-reunion-du-groupe-parlementaire-physioswiss","status":"publish","type":"post","link":"https:\/\/www.koest.ch\/fr\/premiere-reunion-du-groupe-parlementaire-physioswiss\/","title":{"rendered":"Premi\u00e8re r\u00e9union de l&rsquo;intergroupe parlementaire Physioswiss"},"content":{"rendered":"<p>Physioswiss franchit une nouvelle \u00e9tape dans son travail politique : \u00e0 la fin mars 2024, le groupe parlementaire interpartis de physioth\u00e9rapie a \u00e9t\u00e9 officiellement cr\u00e9\u00e9. K\u00f6hler, St\u00fcdeli  Partner a eu le plaisir d&rsquo;assister Physioswiss lors de sa cr\u00e9ation. La copr\u00e9sidence est assur\u00e9e par : Kathrin Bertschy (CN PVL BE), Marco Chiesa (CE UDC TI), Marc Jost (CN PEV BE), Benjamin Roduit (CN Centre VS) et Franziska Roth (CE PS SO). Le 12 juin 2024, la r\u00e9union de fondation a eu lieu au Palais f\u00e9d\u00e9ral, au cours de laquelle trois expos\u00e9s techniques ont \u00e9t\u00e9 pr\u00e9sent\u00e9s. &nbsp;<\/p>\n","protected":false},"excerpt":{"rendered":"<p>Physioswiss franchit une nouvelle \u00e9tape dans son travail politique : \u00e0 la fin mars 2024, le groupe parlementaire interpartis de physioth\u00e9rapie a \u00e9t\u00e9 officiellement cr\u00e9\u00e9. [&hellip;]<\/p>\n","protected":false},"author":6,"featured_media":3924,"comment_status":"closed","ping_status":"closed","sticky":false,"template":"","format":"standard","meta":{"_acf_changed":false,"site-sidebar-layout":"default","site-content-layout":"","ast-site-content-layout":"default","site-content-style":"default","site-sidebar-style":"default","ast-global-header-display":"","ast-banner-title-visibility":"","ast-main-header-display":"","ast-hfb-above-header-display":"","ast-hfb-below-header-display":"","ast-hfb-mobile-header-display":"","site-post-title":"","ast-breadcrumbs-content":"","ast-featured-img":"","footer-sml-layout":"","ast-disable-related-posts":"","theme-transparent-header-meta":"default","adv-header-id-meta":"","stick-header-meta":"","header-above-stick-meta":"","header-main-stick-meta":"","header-below-stick-meta":"","astra-migrate-meta-layouts":"default","ast-page-background-enabled":"default","ast-page-background-meta":{"desktop":{"background-color":"","background-image":"","background-repeat":"repeat","background-position":"center center","background-size":"auto","background-attachment":"scroll","background-type":"","background-media":"","overlay-type":"","overlay-color":"","overlay-opacity":"","overlay-gradient":""},"tablet":{"background-color":"","background-image":"","background-repeat":"repeat","background-position":"center center","background-size":"auto","background-attachment":"scroll","background-type":"","background-media":"","overlay-type":"","overlay-color":"","overlay-opacity":"","overlay-gradient":""},"mobile":{"background-color":"","background-image":"","background-repeat":"repeat","background-position":"center center","background-size":"auto","background-attachment":"scroll","background-type":"","background-media":"","overlay-type":"","overlay-color":"","overlay-opacity":"","overlay-gradient":""}},"ast-content-background-meta":{"desktop":{"background-color":"var(--ast-global-color-5)","background-image":"","background-repeat":"repeat","background-position":"center center","background-size":"auto","background-attachment":"scroll","background-type":"","background-media":"","overlay-type":"","overlay-color":"","overlay-opacity":"","overlay-gradient":""},"tablet":{"background-color":"var(--ast-global-color-5)","background-image":"","background-repeat":"repeat","background-position":"center center","background-size":"auto","background-attachment":"scroll","background-type":"","background-media":"","overlay-type":"","overlay-color":"","overlay-opacity":"","overlay-gradient":""},"mobile":{"background-color":"var(--ast-global-color-5)","background-image":"","background-repeat":"repeat","background-position":"center center","background-size":"auto","background-attachment":"scroll","background-type":"","background-media":"","overlay-type":"","overlay-color":"","overlay-opacity":"","overlay-gradient":""}},"footnotes":""},"categories":[48],"tags":[],"class_list":["post-4018","post","type-post","status-publish","format-standard","has-post-thumbnail","hentry","category-politique"],"acf":[],"yoast_head":"<!-- This site is optimized with the Yoast SEO plugin v27.4 - https:\/\/yoast.com\/product\/yoast-seo-wordpress\/ -->\n<title>Premi\u00e8re r\u00e9union de l&#039;intergroupe parlementaire Physioswiss | K\u00f6hler, St\u00fcdeli &amp; Partner GmbH<\/title>\n<meta name=\"robots\" content=\"index, follow, max-snippet:-1, max-image-preview:large, max-video-preview:-1\" \/>\n<link rel=\"canonical\" href=\"https:\/\/www.koest.ch\/fr\/premiere-reunion-du-groupe-parlementaire-physioswiss\/\" \/>\n<meta property=\"og:locale\" content=\"fr_FR\" \/>\n<meta property=\"og:type\" content=\"article\" \/>\n<meta property=\"og:title\" content=\"Premi\u00e8re r\u00e9union de l&#039;intergroupe parlementaire Physioswiss | K\u00f6hler, St\u00fcdeli &amp; Partner GmbH\" \/>\n<meta property=\"og:description\" content=\"Physioswiss franchit une nouvelle \u00e9tape dans son travail politique : \u00e0 la fin mars 2024, le groupe parlementaire interpartis de physioth\u00e9rapie a \u00e9t\u00e9 officiellement cr\u00e9\u00e9. [&hellip;]\" \/>\n<meta property=\"og:url\" content=\"https:\/\/www.koest.ch\/fr\/premiere-reunion-du-groupe-parlementaire-physioswiss\/\" \/>\n<meta property=\"og:site_name\" content=\"K\u00f6hler, St\u00fcdeli &amp; Partner GmbH\" \/>\n<meta property=\"article:publisher\" content=\"https:\/\/www.facebook.com\/koehlerstuedeli\/\" \/>\n<meta property=\"article:published_time\" content=\"2024-06-12T10:00:13+00:00\" \/>\n<meta property=\"article:modified_time\" content=\"2024-08-22T09:35:54+00:00\" \/>\n<meta property=\"og:image\" content=\"https:\/\/www.koest.ch\/wp-content\/uploads\/2024\/06\/Wandelhalle.jpg\" \/>\n\t<meta property=\"og:image:width\" content=\"2016\" \/>\n\t<meta property=\"og:image:height\" content=\"1512\" \/>\n\t<meta property=\"og:image:type\" content=\"image\/jpeg\" \/>\n<meta name=\"author\" content=\"Walter St\u00fcdeli\" \/>\n<script type=\"application\/ld+json\" class=\"yoast-schema-graph\">{\"@context\":\"https:\\\/\\\/schema.org\",\"@graph\":[{\"@type\":\"Article\",\"@id\":\"https:\\\/\\\/www.koest.ch\\\/fr\\\/premiere-reunion-du-groupe-parlementaire-physioswiss\\\/#article\",\"isPartOf\":{\"@id\":\"https:\\\/\\\/www.koest.ch\\\/fr\\\/premiere-reunion-du-groupe-parlementaire-physioswiss\\\/\"},\"author\":{\"name\":\"Walter St\u00fcdeli\",\"@id\":\"https:\\\/\\\/www.koest.ch\\\/fr\\\/#\\\/schema\\\/person\\\/f0ee5b8568fa4809a76af88e0ea07fe4\"},\"headline\":\"Premi\u00e8re r\u00e9union de l&rsquo;intergroupe parlementaire Physioswiss\",\"datePublished\":\"2024-06-12T10:00:13+00:00\",\"dateModified\":\"2024-08-22T09:35:54+00:00\",\"mainEntityOfPage\":{\"@id\":\"https:\\\/\\\/www.koest.ch\\\/fr\\\/premiere-reunion-du-groupe-parlementaire-physioswiss\\\/\"},\"wordCount\":111,\"publisher\":{\"@id\":\"https:\\\/\\\/www.koest.ch\\\/fr\\\/#organization\"},\"image\":{\"@id\":\"https:\\\/\\\/www.koest.ch\\\/fr\\\/premiere-reunion-du-groupe-parlementaire-physioswiss\\\/#primaryimage\"},\"thumbnailUrl\":\"https:\\\/\\\/www.koest.ch\\\/wp-content\\\/uploads\\\/2024\\\/06\\\/Wandelhalle.jpg\",\"articleSection\":[\"Politique\"],\"inLanguage\":\"fr-FR\"},{\"@type\":[\"WebPage\",\"MedicalWebPage\"],\"@id\":\"https:\\\/\\\/www.koest.ch\\\/fr\\\/premiere-reunion-du-groupe-parlementaire-physioswiss\\\/\",\"url\":\"https:\\\/\\\/www.koest.ch\\\/fr\\\/premiere-reunion-du-groupe-parlementaire-physioswiss\\\/\",\"name\":\"Premi\u00e8re r\u00e9union de l'intergroupe parlementaire Physioswiss | K\u00f6hler, St\u00fcdeli &amp; Partner GmbH\",\"isPartOf\":{\"@id\":\"https:\\\/\\\/www.koest.ch\\\/fr\\\/#website\"},\"primaryImageOfPage\":{\"@id\":\"https:\\\/\\\/www.koest.ch\\\/fr\\\/premiere-reunion-du-groupe-parlementaire-physioswiss\\\/#primaryimage\"},\"image\":{\"@id\":\"https:\\\/\\\/www.koest.ch\\\/fr\\\/premiere-reunion-du-groupe-parlementaire-physioswiss\\\/#primaryimage\"},\"thumbnailUrl\":\"https:\\\/\\\/www.koest.ch\\\/wp-content\\\/uploads\\\/2024\\\/06\\\/Wandelhalle.jpg\",\"datePublished\":\"2024-06-12T10:00:13+00:00\",\"dateModified\":\"2024-08-22T09:35:54+00:00\",\"breadcrumb\":{\"@id\":\"https:\\\/\\\/www.koest.ch\\\/fr\\\/premiere-reunion-du-groupe-parlementaire-physioswiss\\\/#breadcrumb\"},\"inLanguage\":\"fr-FR\",\"potentialAction\":[{\"@type\":\"ReadAction\",\"target\":[\"https:\\\/\\\/www.koest.ch\\\/fr\\\/premiere-reunion-du-groupe-parlementaire-physioswiss\\\/\"]}]},{\"@type\":\"ImageObject\",\"inLanguage\":\"fr-FR\",\"@id\":\"https:\\\/\\\/www.koest.ch\\\/fr\\\/premiere-reunion-du-groupe-parlementaire-physioswiss\\\/#primaryimage\",\"url\":\"https:\\\/\\\/www.koest.ch\\\/wp-content\\\/uploads\\\/2024\\\/06\\\/Wandelhalle.jpg\",\"contentUrl\":\"https:\\\/\\\/www.koest.ch\\\/wp-content\\\/uploads\\\/2024\\\/06\\\/Wandelhalle.jpg\",\"width\":2016,\"height\":1512},{\"@type\":\"BreadcrumbList\",\"@id\":\"https:\\\/\\\/www.koest.ch\\\/fr\\\/premiere-reunion-du-groupe-parlementaire-physioswiss\\\/#breadcrumb\",\"itemListElement\":[{\"@type\":\"ListItem\",\"position\":1,\"name\":\"Startseite\",\"item\":\"https:\\\/\\\/www.koest.ch\\\/fr\\\/koehler-stuedeli-partner-gmbh\\\/\"},{\"@type\":\"ListItem\",\"position\":2,\"name\":\"Premi\u00e8re r\u00e9union de l&rsquo;intergroupe parlementaire Physioswiss\"}]},{\"@type\":\"WebSite\",\"@id\":\"https:\\\/\\\/www.koest.ch\\\/fr\\\/#website\",\"url\":\"https:\\\/\\\/www.koest.ch\\\/fr\\\/\",\"name\":\"K\u00f6hler, St\u00fcdeli & Partner GmbH\",\"description\":\"Politikberatung, Verbands- und Kommunikationsmanagement, Kampagnen\",\"publisher\":{\"@id\":\"https:\\\/\\\/www.koest.ch\\\/fr\\\/#organization\"},\"alternateName\":\"koest.ch\",\"potentialAction\":[{\"@type\":\"SearchAction\",\"target\":{\"@type\":\"EntryPoint\",\"urlTemplate\":\"https:\\\/\\\/www.koest.ch\\\/fr\\\/?s={search_term_string}\"},\"query-input\":{\"@type\":\"PropertyValueSpecification\",\"valueRequired\":true,\"valueName\":\"search_term_string\"}}],\"inLanguage\":\"fr-FR\"},{\"@type\":\"Organization\",\"@id\":\"https:\\\/\\\/www.koest.ch\\\/fr\\\/#organization\",\"name\":\"K\u00f6hler, St\u00fcdeli & Partner GmbH\",\"alternateName\":\"koest.ch\",\"url\":\"https:\\\/\\\/www.koest.ch\\\/fr\\\/\",\"logo\":{\"@type\":\"ImageObject\",\"inLanguage\":\"fr-FR\",\"@id\":\"https:\\\/\\\/www.koest.ch\\\/fr\\\/#\\\/schema\\\/logo\\\/image\\\/\",\"url\":\"https:\\\/\\\/www.koest.ch\\\/wp-content\\\/uploads\\\/2020\\\/01\\\/logo_koehler_stuedeli_partner_gmbh.png\",\"contentUrl\":\"https:\\\/\\\/www.koest.ch\\\/wp-content\\\/uploads\\\/2020\\\/01\\\/logo_koehler_stuedeli_partner_gmbh.png\",\"width\":453,\"height\":220,\"caption\":\"K\u00f6hler, St\u00fcdeli & Partner GmbH\"},\"image\":{\"@id\":\"https:\\\/\\\/www.koest.ch\\\/fr\\\/#\\\/schema\\\/logo\\\/image\\\/\"},\"sameAs\":[\"https:\\\/\\\/www.facebook.com\\\/koehlerstuedeli\\\/\",\"https:\\\/\\\/x.com\\\/walter_stuedeli\",\"https:\\\/\\\/ch.linkedin.com\\\/in\\\/walterstuedeli\"]},{\"@type\":\"Person\",\"@id\":\"https:\\\/\\\/www.koest.ch\\\/fr\\\/#\\\/schema\\\/person\\\/f0ee5b8568fa4809a76af88e0ea07fe4\",\"name\":\"Walter St\u00fcdeli\",\"image\":{\"@type\":\"ImageObject\",\"inLanguage\":\"fr-FR\",\"@id\":\"https:\\\/\\\/secure.gravatar.com\\\/avatar\\\/fae8ed857bf28ec6d2e2fa0a070699ab3f0563684f59a99c86c1dee67b4183b4?s=96&d=mm&r=g\",\"url\":\"https:\\\/\\\/secure.gravatar.com\\\/avatar\\\/fae8ed857bf28ec6d2e2fa0a070699ab3f0563684f59a99c86c1dee67b4183b4?s=96&d=mm&r=g\",\"contentUrl\":\"https:\\\/\\\/secure.gravatar.com\\\/avatar\\\/fae8ed857bf28ec6d2e2fa0a070699ab3f0563684f59a99c86c1dee67b4183b4?s=96&d=mm&r=g\",\"caption\":\"Walter St\u00fcdeli\"}}]}<\/script>\n<!-- \/ Yoast SEO plugin. -->","yoast_head_json":{"title":"Premi\u00e8re r\u00e9union de l'intergroupe parlementaire Physioswiss | K\u00f6hler, St\u00fcdeli &amp; Partner GmbH","robots":{"index":"index","follow":"follow","max-snippet":"max-snippet:-1","max-image-preview":"max-image-preview:large","max-video-preview":"max-video-preview:-1"},"canonical":"https:\/\/www.koest.ch\/fr\/premiere-reunion-du-groupe-parlementaire-physioswiss\/","og_locale":"fr_FR","og_type":"article","og_title":"Premi\u00e8re r\u00e9union de l'intergroupe parlementaire Physioswiss | K\u00f6hler, St\u00fcdeli &amp; Partner GmbH","og_description":"Physioswiss franchit une nouvelle \u00e9tape dans son travail politique : \u00e0 la fin mars 2024, le groupe parlementaire interpartis de physioth\u00e9rapie a \u00e9t\u00e9 officiellement cr\u00e9\u00e9. [&hellip;]","og_url":"https:\/\/www.koest.ch\/fr\/premiere-reunion-du-groupe-parlementaire-physioswiss\/","og_site_name":"K\u00f6hler, St\u00fcdeli &amp; Partner GmbH","article_publisher":"https:\/\/www.facebook.com\/koehlerstuedeli\/","article_published_time":"2024-06-12T10:00:13+00:00","article_modified_time":"2024-08-22T09:35:54+00:00","og_image":[{"width":2016,"height":1512,"url":"https:\/\/www.koest.ch\/wp-content\/uploads\/2024\/06\/Wandelhalle.jpg","type":"image\/jpeg"}],"author":"Walter St\u00fcdeli","schema":{"@context":"https:\/\/schema.org","@graph":[{"@type":"Article","@id":"https:\/\/www.koest.ch\/fr\/premiere-reunion-du-groupe-parlementaire-physioswiss\/#article","isPartOf":{"@id":"https:\/\/www.koest.ch\/fr\/premiere-reunion-du-groupe-parlementaire-physioswiss\/"},"author":{"name":"Walter St\u00fcdeli","@id":"https:\/\/www.koest.ch\/fr\/#\/schema\/person\/f0ee5b8568fa4809a76af88e0ea07fe4"},"headline":"Premi\u00e8re r\u00e9union de l&rsquo;intergroupe parlementaire Physioswiss","datePublished":"2024-06-12T10:00:13+00:00","dateModified":"2024-08-22T09:35:54+00:00","mainEntityOfPage":{"@id":"https:\/\/www.koest.ch\/fr\/premiere-reunion-du-groupe-parlementaire-physioswiss\/"},"wordCount":111,"publisher":{"@id":"https:\/\/www.koest.ch\/fr\/#organization"},"image":{"@id":"https:\/\/www.koest.ch\/fr\/premiere-reunion-du-groupe-parlementaire-physioswiss\/#primaryimage"},"thumbnailUrl":"https:\/\/www.koest.ch\/wp-content\/uploads\/2024\/06\/Wandelhalle.jpg","articleSection":["Politique"],"inLanguage":"fr-FR"},{"@type":["WebPage","MedicalWebPage"],"@id":"https:\/\/www.koest.ch\/fr\/premiere-reunion-du-groupe-parlementaire-physioswiss\/","url":"https:\/\/www.koest.ch\/fr\/premiere-reunion-du-groupe-parlementaire-physioswiss\/","name":"Premi\u00e8re r\u00e9union de l'intergroupe parlementaire Physioswiss | K\u00f6hler, St\u00fcdeli &amp; Partner GmbH","isPartOf":{"@id":"https:\/\/www.koest.ch\/fr\/#website"},"primaryImageOfPage":{"@id":"https:\/\/www.koest.ch\/fr\/premiere-reunion-du-groupe-parlementaire-physioswiss\/#primaryimage"},"image":{"@id":"https:\/\/www.koest.ch\/fr\/premiere-reunion-du-groupe-parlementaire-physioswiss\/#primaryimage"},"thumbnailUrl":"https:\/\/www.koest.ch\/wp-content\/uploads\/2024\/06\/Wandelhalle.jpg","datePublished":"2024-06-12T10:00:13+00:00","dateModified":"2024-08-22T09:35:54+00:00","breadcrumb":{"@id":"https:\/\/www.koest.ch\/fr\/premiere-reunion-du-groupe-parlementaire-physioswiss\/#breadcrumb"},"inLanguage":"fr-FR","potentialAction":[{"@type":"ReadAction","target":["https:\/\/www.koest.ch\/fr\/premiere-reunion-du-groupe-parlementaire-physioswiss\/"]}]},{"@type":"ImageObject","inLanguage":"fr-FR","@id":"https:\/\/www.koest.ch\/fr\/premiere-reunion-du-groupe-parlementaire-physioswiss\/#primaryimage","url":"https:\/\/www.koest.ch\/wp-content\/uploads\/2024\/06\/Wandelhalle.jpg","contentUrl":"https:\/\/www.koest.ch\/wp-content\/uploads\/2024\/06\/Wandelhalle.jpg","width":2016,"height":1512},{"@type":"BreadcrumbList","@id":"https:\/\/www.koest.ch\/fr\/premiere-reunion-du-groupe-parlementaire-physioswiss\/#breadcrumb","itemListElement":[{"@type":"ListItem","position":1,"name":"Startseite","item":"https:\/\/www.koest.ch\/fr\/koehler-stuedeli-partner-gmbh\/"},{"@type":"ListItem","position":2,"name":"Premi\u00e8re r\u00e9union de l&rsquo;intergroupe parlementaire Physioswiss"}]},{"@type":"WebSite","@id":"https:\/\/www.koest.ch\/fr\/#website","url":"https:\/\/www.koest.ch\/fr\/","name":"K\u00f6hler, St\u00fcdeli & Partner GmbH","description":"Politikberatung, Verbands- und Kommunikationsmanagement, Kampagnen","publisher":{"@id":"https:\/\/www.koest.ch\/fr\/#organization"},"alternateName":"koest.ch","potentialAction":[{"@type":"SearchAction","target":{"@type":"EntryPoint","urlTemplate":"https:\/\/www.koest.ch\/fr\/?s={search_term_string}"},"query-input":{"@type":"PropertyValueSpecification","valueRequired":true,"valueName":"search_term_string"}}],"inLanguage":"fr-FR"},{"@type":"Organization","@id":"https:\/\/www.koest.ch\/fr\/#organization","name":"K\u00f6hler, St\u00fcdeli & Partner GmbH","alternateName":"koest.ch","url":"https:\/\/www.koest.ch\/fr\/","logo":{"@type":"ImageObject","inLanguage":"fr-FR","@id":"https:\/\/www.koest.ch\/fr\/#\/schema\/logo\/image\/","url":"https:\/\/www.koest.ch\/wp-content\/uploads\/2020\/01\/logo_koehler_stuedeli_partner_gmbh.png","contentUrl":"https:\/\/www.koest.ch\/wp-content\/uploads\/2020\/01\/logo_koehler_stuedeli_partner_gmbh.png","width":453,"height":220,"caption":"K\u00f6hler, St\u00fcdeli & Partner GmbH"},"image":{"@id":"https:\/\/www.koest.ch\/fr\/#\/schema\/logo\/image\/"},"sameAs":["https:\/\/www.facebook.com\/koehlerstuedeli\/","https:\/\/x.com\/walter_stuedeli","https:\/\/ch.linkedin.com\/in\/walterstuedeli"]},{"@type":"Person","@id":"https:\/\/www.koest.ch\/fr\/#\/schema\/person\/f0ee5b8568fa4809a76af88e0ea07fe4","name":"Walter St\u00fcdeli","image":{"@type":"ImageObject","inLanguage":"fr-FR","@id":"https:\/\/secure.gravatar.com\/avatar\/fae8ed857bf28ec6d2e2fa0a070699ab3f0563684f59a99c86c1dee67b4183b4?s=96&d=mm&r=g","url":"https:\/\/secure.gravatar.com\/avatar\/fae8ed857bf28ec6d2e2fa0a070699ab3f0563684f59a99c86c1dee67b4183b4?s=96&d=mm&r=g","contentUrl":"https:\/\/secure.gravatar.com\/avatar\/fae8ed857bf28ec6d2e2fa0a070699ab3f0563684f59a99c86c1dee67b4183b4?s=96&d=mm&r=g","caption":"Walter St\u00fcdeli"}}]}},"_links":{"self":[{"href":"https:\/\/www.koest.ch\/fr\/wp-json\/wp\/v2\/posts\/4018","targetHints":{"allow":["GET"]}}],"collection":[{"href":"https:\/\/www.koest.ch\/fr\/wp-json\/wp\/v2\/posts"}],"about":[{"href":"https:\/\/www.koest.ch\/fr\/wp-json\/wp\/v2\/types\/post"}],"author":[{"embeddable":true,"href":"https:\/\/www.koest.ch\/fr\/wp-json\/wp\/v2\/users\/6"}],"replies":[{"embeddable":true,"href":"https:\/\/www.koest.ch\/fr\/wp-json\/wp\/v2\/comments?post=4018"}],"version-history":[{"count":0,"href":"https:\/\/www.koest.ch\/fr\/wp-json\/wp\/v2\/posts\/4018\/revisions"}],"wp:featuredmedia":[{"embeddable":true,"href":"https:\/\/www.koest.ch\/fr\/wp-json\/wp\/v2\/media\/3924"}],"wp:attachment":[{"href":"https:\/\/www.koest.ch\/fr\/wp-json\/wp\/v2\/media?parent=4018"}],"wp:term":[{"taxonomy":"category","embeddable":true,"href":"https:\/\/www.koest.ch\/fr\/wp-json\/wp\/v2\/categories?post=4018"},{"taxonomy":"post_tag","embeddable":true,"href":"https:\/\/www.koest.ch\/fr\/wp-json\/wp\/v2\/tags?post=4018"}],"curies":[{"name":"wp","href":"https:\/\/api.w.org\/{rel}","templated":true}]}}