{"id":4138,"date":"2019-02-11T09:41:38","date_gmt":"2019-02-11T08:41:38","guid":{"rendered":"https:\/\/www.koest.ch\/non-a-la-fusion-des-hopitaux-bs-bl-le-10-fevrier-2019\/"},"modified":"2019-02-11T09:41:38","modified_gmt":"2019-02-11T08:41:38","slug":"non-a-la-fusion-des-hopitaux-bs-bl-le-10-fevrier-2019","status":"publish","type":"post","link":"https:\/\/www.koest.ch\/fr\/non-a-la-fusion-des-hopitaux-bs-bl-le-10-fevrier-2019\/","title":{"rendered":"Non \u00e0 la fusion des h\u00f4pitaux BS\/BL le 10 f\u00e9vrier 2019"},"content":{"rendered":"<div id=\"cc-m-11390105993\" class=\"j-module n j-text \">\n<p><strong>K\u00f6hler, St\u00fcdeli und Partner GmbH a g\u00e9r\u00e9 la campagne du \u00ab\u00a0Non\u00a0\u00bb \u00e0 l&rsquo;association \u00ab\u00a0Non aux accords internationaux\u00a0\u00bb.<br \/>\nL&rsquo;agence politique de Berne \u00e9tait responsable de toutes les t\u00e2ches strat\u00e9giques et, en collaboration avec l&rsquo;agence b\u00e2loise Chtanova Communications, de la mise en \u0153uvre op\u00e9rationnelle.<br \/>\nLes visuels ont \u00e9t\u00e9 d\u00e9velopp\u00e9s par l&rsquo;agence graphique b\u00e2loise Vischer Vettiger Hartmann.  <\/strong><\/p>\n<p><strong>BS a rejet\u00e9 la fusion de tous les h\u00f4pitaux publics (USBL et KSBL) \u00e0 56%.<br \/>\nLa fusion a donc \u00e9chou\u00e9. <\/strong><\/p>\n<\/div>\n<div id=\"cc-m-11394996793\" class=\"j-module n j-text \">\n<p><strong>Raisons suppos\u00e9es de la d\u00e9cision du peuple<\/strong> Le conseiller d&rsquo;Etat Lukas Engelberger (CVO BS) a fait trop de concessions au canton BL (BS prend en charge les deux tiers des co\u00fbts et ne paie rien \u00e0 la m\u00e9decine universitaire, tous les sites BL sont maintenus).<br \/>\nLes deux conseillers d&rsquo;Etat Lukas Engelberger (PDC BS) et Thomas Weber (UDC BL) ont largement ni\u00e9 les contributions des acteurs \u00e0 la consultation.<br \/>\nSi certains points avaient \u00e9t\u00e9 repris (\u00e9tablissement public au lieu de soci\u00e9t\u00e9 anonyme, fermeture de Bruderholz, r\u00e9seau d&rsquo;h\u00f4pitaux publics et priv\u00e9s, financement \u00e9galitaire BS\/BL), le PS et les h\u00f4pitaux priv\u00e9s auraient tous deux \u00e9t\u00e9 favorables \u00e0 la fusion.<br \/>\nLe projet pr\u00e9sent\u00e9 \u00e9tait surcharg\u00e9, d\u00e9fini de mani\u00e8re trop rigide et l&rsquo;horizon de planification de 15 ans \u00e9tait trop long.<br \/>\nBS n&rsquo;\u00e9tait pas pr\u00eate \u00e0 supporter les deux tiers des co\u00fbts du KSBL en mauvais \u00e9tat.<br \/>\nLes sensibilit\u00e9s entre les demi-cantons de BS et BL, qui ont \u00e9t\u00e9 mises en lumi\u00e8re lors du vote sur la fusion des cantons en 2014, ont \u00e9galement jou\u00e9 un r\u00f4le dans le non.<br \/>\nCette fois-ci, les signes avant-coureurs \u00e9taient invers\u00e9s : BS rejette la fusion, BL l&rsquo;accepte. <strong>Mission de la campagne du \u00ab\u00a0non\u00a0\u00bb<\/strong> La campagne du \u00ab\u00a0non\u00a0\u00bb devait mettre l&rsquo;accent sur les risques \u00e9lev\u00e9s de la fusion.<br \/>\nLe probl\u00e8me \u00e9tait que tant les deux conseillers d&rsquo;Etat que les m\u00e9dias dominants (Basler Zeitung BaZ et Basellandschaftliche Zeitung bz) pr\u00e9sentaient unilat\u00e9ralement la fusion sous un jour positif.<br \/>\nLa qualit\u00e9 de la couverture m\u00e9diatique dans la presse \u00e9crite \u00e9tait inf\u00e9rieure \u00e0 la moyenne.<br \/>\nTeleBasel a fourni une couverture \u00e9quilibr\u00e9e.<br \/>\nLa campagne du non devait veiller \u00e0 ce que la formation de l&rsquo;opinion soit aussi \u00e9quilibr\u00e9e que possible et \u00e0 ce que les aspects positifs et n\u00e9gatifs soient communiqu\u00e9s.<br \/>\nCela aurait \u00e9t\u00e9 en soi le r\u00f4le des conseillers d&rsquo;Etat en charge du dossier.<br \/>\nLes explications de vote de BS ont \u00e9t\u00e9 importantes pour le non.<br \/>\nElles \u00e9taient formul\u00e9es de mani\u00e8re \u00e9quilibr\u00e9e et mentionnaient \u00e9galement les risques de la fusion. <strong>Mesures<\/strong> La campagne a d\u00e9but\u00e9 par une information aux m\u00e9dias le 10 janvier 2019.<br \/>\nLa m\u00eame semaine, tous les m\u00e9nages de BS ont re\u00e7u un flyer et des affiches ont \u00e9t\u00e9 placard\u00e9es \u00e0 BS et BL avec des messages cl\u00e9s distincts.<br \/>\nDes annonces de t\u00e9moignages ont \u00e9t\u00e9 plac\u00e9es dans des m\u00e9dias imprim\u00e9s.<br \/>\nAu c\u0153ur de la campagne se trouvait une campagne Facebook sp\u00e9cifique au groupe cible, qui r\u00e9pondait de mani\u00e8re diff\u00e9renci\u00e9e aux sensibilit\u00e9s de chaque groupe cible. <strong>Le<\/strong> conseiller d&rsquo;Etat Lukas Engelberger (PDC BS) a r\u00e9agi de mani\u00e8re tr\u00e8s \u00e9motionnelle et n&rsquo;a pas suffisamment pris en compte les opposants.<br \/>\nLe directeur de la sant\u00e9 est responsable du d\u00e9s\u00e9quilibre du projet, le Parlement n&rsquo;a pas su l&rsquo;adapter.<br \/>\nC&rsquo;est une erreur de ne pas avoir pr\u00e9sent\u00e9 un projet de compromis.<br \/>\nLes \u00e9lecteurs de BS ont remarqu\u00e9 que le projet \u00e9tait unilat\u00e9ral.<br \/>\nC&rsquo;est \u00e9galement la raison pour laquelle BL a vot\u00e9 massivement en faveur du projet.<br \/>\nLa lettre des deux directeurs de la sant\u00e9 aux h\u00f4pitaux priv\u00e9s, selon laquelle ces derniers ne devaient pas se prononcer sur la fusion en raison de \u00ab\u00a0l&rsquo;absence d&rsquo;int\u00e9r\u00eat qualifi\u00e9\u00a0\u00bb, a \u00e9t\u00e9 mal accueillie par les \u00e9lecteurs.<br \/>\nLes h\u00f4pitaux priv\u00e9s ont pu d\u00e9montrer que les h\u00f4pitaux publics avaient fait de la \u00ab\u00a0propagande de vote\u00a0\u00bb dans une mesure similaire.                       La d\u00e9claration d&rsquo;un repr\u00e9sentant de l&rsquo;h\u00f4pital selon laquelle les prospectus n&rsquo;ont \u00e9t\u00e9 mis \u00e0 disposition qu&rsquo;une heure \u00e0 l&rsquo;USB n&rsquo;\u00e9tait tout simplement pas cr\u00e9dible.<br \/>\nLa conclusion de certains m\u00e9dias selon laquelle le secteur de la sant\u00e9 est incapable de se r\u00e9former est fausse dans le cas de ce vote.<br \/>\nIl aurait suffi de quelques corrections apr\u00e8s la consultation pour que la fusion soit \u00e9galement accept\u00e9e \u00e0 BS.<br \/>\nNi le PS, ni le SSP, ni les h\u00f4pitaux priv\u00e9s n&rsquo;\u00e9taient fondamentalement oppos\u00e9s \u00e0 la fusion.<br \/>\nAvec un peu de doigt\u00e9 politique et plus de respect pour la partie adverse, cette fusion aurait pu \u00eatre gagn\u00e9e.<br \/>\nLe non est une occasion manqu\u00e9e.<br \/>\nLa faute n&rsquo;incombe toutefois pas aux votants du non \u00e0 BS, mais aux politiciens qui n&rsquo;ont pas r\u00e9ussi \u00e0 pr\u00e9senter un projet \u00e9quilibr\u00e9 au peuple.<br \/>\nCe projet \u00e9tait si unilat\u00e9ralement positif pour BL que BS a presque \u00e9t\u00e9 oblig\u00e9e de voter non.         <\/div>\n","protected":false},"excerpt":{"rendered":"<p>K\u00f6hler, St\u00fcdeli und Partner GmbH a g\u00e9r\u00e9 la campagne du \u00ab\u00a0Non\u00a0\u00bb \u00e0 l&rsquo;association \u00ab\u00a0Non aux accords internationaux\u00a0\u00bb. L&rsquo;agence politique de Berne \u00e9tait responsable de toutes [&hellip;]<\/p>\n","protected":false},"author":1,"featured_media":3484,"comment_status":"closed","ping_status":"open","sticky":false,"template":"","format":"standard","meta":{"_acf_changed":false,"site-sidebar-layout":"default","site-content-layout":"default","ast-site-content-layout":"default","site-content-style":"default","site-sidebar-style":"default","ast-global-header-display":"","ast-banner-title-visibility":"","ast-main-header-display":"","ast-hfb-above-header-display":"","ast-hfb-below-header-display":"","ast-hfb-mobile-header-display":"","site-post-title":"","ast-breadcrumbs-content":"","ast-featured-img":"","footer-sml-layout":"","ast-disable-related-posts":"","theme-transparent-header-meta":"default","adv-header-id-meta":"","stick-header-meta":"","header-above-stick-meta":"","header-main-stick-meta":"","header-below-stick-meta":"","astra-migrate-meta-layouts":"default","ast-page-background-enabled":"default","ast-page-background-meta":{"desktop":{"background-color":"","background-image":"","background-repeat":"repeat","background-position":"center center","background-size":"auto","background-attachment":"scroll","background-type":"","background-media":"","overlay-type":"","overlay-color":"","overlay-opacity":"","overlay-gradient":""},"tablet":{"background-color":"","background-image":"","background-repeat":"repeat","background-position":"center center","background-size":"auto","background-attachment":"scroll","background-type":"","background-media":"","overlay-type":"","overlay-color":"","overlay-opacity":"","overlay-gradient":""},"mobile":{"background-color":"","background-image":"","background-repeat":"repeat","background-position":"center center","background-size":"auto","background-attachment":"scroll","background-type":"","background-media":"","overlay-type":"","overlay-color":"","overlay-opacity":"","overlay-gradient":""}},"ast-content-background-meta":{"desktop":{"background-color":"var(--ast-global-color-5)","background-image":"","background-repeat":"repeat","background-position":"center center","background-size":"auto","background-attachment":"scroll","background-type":"","background-media":"","overlay-type":"","overlay-color":"","overlay-opacity":"","overlay-gradient":""},"tablet":{"background-color":"var(--ast-global-color-5)","background-image":"","background-repeat":"repeat","background-position":"center center","background-size":"auto","background-attachment":"scroll","background-type":"","background-media":"","overlay-type":"","overlay-color":"","overlay-opacity":"","overlay-gradient":""},"mobile":{"background-color":"var(--ast-global-color-5)","background-image":"","background-repeat":"repeat","background-position":"center center","background-size":"auto","background-attachment":"scroll","background-type":"","background-media":"","overlay-type":"","overlay-color":"","overlay-opacity":"","overlay-gradient":""}},"footnotes":""},"categories":[36],"tags":[],"class_list":["post-4138","post","type-post","status-publish","format-standard","has-post-thumbnail","hentry","category-non-classe"],"acf":[],"yoast_head":"<!-- This site is optimized with the Yoast SEO plugin v27.4 - https:\/\/yoast.com\/product\/yoast-seo-wordpress\/ -->\n<title>Non \u00e0 la fusion des h\u00f4pitaux BS\/BL le 10 f\u00e9vrier 2019 | K\u00f6hler, St\u00fcdeli &amp; Partner GmbH<\/title>\n<meta name=\"robots\" content=\"index, follow, max-snippet:-1, max-image-preview:large, max-video-preview:-1\" \/>\n<link rel=\"canonical\" href=\"https:\/\/www.koest.ch\/fr\/non-a-la-fusion-des-hopitaux-bs-bl-le-10-fevrier-2019\/\" \/>\n<meta property=\"og:locale\" content=\"fr_FR\" \/>\n<meta property=\"og:type\" content=\"article\" \/>\n<meta property=\"og:title\" content=\"Non \u00e0 la fusion des h\u00f4pitaux BS\/BL le 10 f\u00e9vrier 2019 | K\u00f6hler, St\u00fcdeli &amp; Partner GmbH\" \/>\n<meta property=\"og:description\" content=\"K\u00f6hler, St\u00fcdeli und Partner GmbH a g\u00e9r\u00e9 la campagne du \u00ab\u00a0Non\u00a0\u00bb \u00e0 l&rsquo;association \u00ab\u00a0Non aux accords internationaux\u00a0\u00bb. L&rsquo;agence politique de Berne \u00e9tait responsable de toutes [&hellip;]\" \/>\n<meta property=\"og:url\" content=\"https:\/\/www.koest.ch\/fr\/non-a-la-fusion-des-hopitaux-bs-bl-le-10-fevrier-2019\/\" \/>\n<meta property=\"og:site_name\" content=\"K\u00f6hler, St\u00fcdeli &amp; Partner GmbH\" \/>\n<meta property=\"article:publisher\" content=\"https:\/\/www.facebook.com\/koehlerstuedeli\/\" \/>\n<meta property=\"article:published_time\" content=\"2019-02-11T08:41:38+00:00\" \/>\n<meta property=\"og:image\" content=\"https:\/\/www.koest.ch\/wp-content\/uploads\/2019\/12\/aktuelles_19_02_11.png\" \/>\n\t<meta property=\"og:image:width\" content=\"713\" \/>\n\t<meta property=\"og:image:height\" content=\"340\" \/>\n\t<meta property=\"og:image:type\" content=\"image\/png\" \/>\n<meta name=\"author\" content=\"Nicolas Kyramarios\" \/>\n<script type=\"application\/ld+json\" class=\"yoast-schema-graph\">{\"@context\":\"https:\\\/\\\/schema.org\",\"@graph\":[{\"@type\":\"Article\",\"@id\":\"https:\\\/\\\/www.koest.ch\\\/fr\\\/non-a-la-fusion-des-hopitaux-bs-bl-le-10-fevrier-2019\\\/#article\",\"isPartOf\":{\"@id\":\"https:\\\/\\\/www.koest.ch\\\/fr\\\/non-a-la-fusion-des-hopitaux-bs-bl-le-10-fevrier-2019\\\/\"},\"author\":{\"name\":\"Nicolas Kyramarios\",\"@id\":\"https:\\\/\\\/www.koest.ch\\\/fr\\\/#\\\/schema\\\/person\\\/8381125888356833fa526f3cc9dbcdc2\"},\"headline\":\"Non \u00e0 la fusion des h\u00f4pitaux BS\\\/BL le 10 f\u00e9vrier 2019\",\"datePublished\":\"2019-02-11T08:41:38+00:00\",\"mainEntityOfPage\":{\"@id\":\"https:\\\/\\\/www.koest.ch\\\/fr\\\/non-a-la-fusion-des-hopitaux-bs-bl-le-10-fevrier-2019\\\/\"},\"wordCount\":878,\"publisher\":{\"@id\":\"https:\\\/\\\/www.koest.ch\\\/fr\\\/#organization\"},\"image\":{\"@id\":\"https:\\\/\\\/www.koest.ch\\\/fr\\\/non-a-la-fusion-des-hopitaux-bs-bl-le-10-fevrier-2019\\\/#primaryimage\"},\"thumbnailUrl\":\"https:\\\/\\\/www.koest.ch\\\/wp-content\\\/uploads\\\/2019\\\/12\\\/aktuelles_19_02_11.png\",\"inLanguage\":\"fr-FR\"},{\"@type\":[\"WebPage\",\"MedicalWebPage\"],\"@id\":\"https:\\\/\\\/www.koest.ch\\\/fr\\\/non-a-la-fusion-des-hopitaux-bs-bl-le-10-fevrier-2019\\\/\",\"url\":\"https:\\\/\\\/www.koest.ch\\\/fr\\\/non-a-la-fusion-des-hopitaux-bs-bl-le-10-fevrier-2019\\\/\",\"name\":\"Non \u00e0 la fusion des h\u00f4pitaux BS\\\/BL le 10 f\u00e9vrier 2019 | K\u00f6hler, St\u00fcdeli &amp; Partner GmbH\",\"isPartOf\":{\"@id\":\"https:\\\/\\\/www.koest.ch\\\/fr\\\/#website\"},\"primaryImageOfPage\":{\"@id\":\"https:\\\/\\\/www.koest.ch\\\/fr\\\/non-a-la-fusion-des-hopitaux-bs-bl-le-10-fevrier-2019\\\/#primaryimage\"},\"image\":{\"@id\":\"https:\\\/\\\/www.koest.ch\\\/fr\\\/non-a-la-fusion-des-hopitaux-bs-bl-le-10-fevrier-2019\\\/#primaryimage\"},\"thumbnailUrl\":\"https:\\\/\\\/www.koest.ch\\\/wp-content\\\/uploads\\\/2019\\\/12\\\/aktuelles_19_02_11.png\",\"datePublished\":\"2019-02-11T08:41:38+00:00\",\"breadcrumb\":{\"@id\":\"https:\\\/\\\/www.koest.ch\\\/fr\\\/non-a-la-fusion-des-hopitaux-bs-bl-le-10-fevrier-2019\\\/#breadcrumb\"},\"inLanguage\":\"fr-FR\",\"potentialAction\":[{\"@type\":\"ReadAction\",\"target\":[\"https:\\\/\\\/www.koest.ch\\\/fr\\\/non-a-la-fusion-des-hopitaux-bs-bl-le-10-fevrier-2019\\\/\"]}]},{\"@type\":\"ImageObject\",\"inLanguage\":\"fr-FR\",\"@id\":\"https:\\\/\\\/www.koest.ch\\\/fr\\\/non-a-la-fusion-des-hopitaux-bs-bl-le-10-fevrier-2019\\\/#primaryimage\",\"url\":\"https:\\\/\\\/www.koest.ch\\\/wp-content\\\/uploads\\\/2019\\\/12\\\/aktuelles_19_02_11.png\",\"contentUrl\":\"https:\\\/\\\/www.koest.ch\\\/wp-content\\\/uploads\\\/2019\\\/12\\\/aktuelles_19_02_11.png\",\"width\":713,\"height\":340},{\"@type\":\"BreadcrumbList\",\"@id\":\"https:\\\/\\\/www.koest.ch\\\/fr\\\/non-a-la-fusion-des-hopitaux-bs-bl-le-10-fevrier-2019\\\/#breadcrumb\",\"itemListElement\":[{\"@type\":\"ListItem\",\"position\":1,\"name\":\"Startseite\",\"item\":\"https:\\\/\\\/www.koest.ch\\\/fr\\\/koehler-stuedeli-partner-gmbh\\\/\"},{\"@type\":\"ListItem\",\"position\":2,\"name\":\"Non \u00e0 la fusion des h\u00f4pitaux BS\\\/BL le 10 f\u00e9vrier 2019\"}]},{\"@type\":\"WebSite\",\"@id\":\"https:\\\/\\\/www.koest.ch\\\/fr\\\/#website\",\"url\":\"https:\\\/\\\/www.koest.ch\\\/fr\\\/\",\"name\":\"K\u00f6hler, St\u00fcdeli & Partner GmbH\",\"description\":\"Politikberatung, Verbands- und Kommunikationsmanagement, Kampagnen\",\"publisher\":{\"@id\":\"https:\\\/\\\/www.koest.ch\\\/fr\\\/#organization\"},\"alternateName\":\"koest.ch\",\"potentialAction\":[{\"@type\":\"SearchAction\",\"target\":{\"@type\":\"EntryPoint\",\"urlTemplate\":\"https:\\\/\\\/www.koest.ch\\\/fr\\\/?s={search_term_string}\"},\"query-input\":{\"@type\":\"PropertyValueSpecification\",\"valueRequired\":true,\"valueName\":\"search_term_string\"}}],\"inLanguage\":\"fr-FR\"},{\"@type\":\"Organization\",\"@id\":\"https:\\\/\\\/www.koest.ch\\\/fr\\\/#organization\",\"name\":\"K\u00f6hler, St\u00fcdeli & Partner GmbH\",\"alternateName\":\"koest.ch\",\"url\":\"https:\\\/\\\/www.koest.ch\\\/fr\\\/\",\"logo\":{\"@type\":\"ImageObject\",\"inLanguage\":\"fr-FR\",\"@id\":\"https:\\\/\\\/www.koest.ch\\\/fr\\\/#\\\/schema\\\/logo\\\/image\\\/\",\"url\":\"https:\\\/\\\/www.koest.ch\\\/wp-content\\\/uploads\\\/2020\\\/01\\\/logo_koehler_stuedeli_partner_gmbh.png\",\"contentUrl\":\"https:\\\/\\\/www.koest.ch\\\/wp-content\\\/uploads\\\/2020\\\/01\\\/logo_koehler_stuedeli_partner_gmbh.png\",\"width\":453,\"height\":220,\"caption\":\"K\u00f6hler, St\u00fcdeli & Partner GmbH\"},\"image\":{\"@id\":\"https:\\\/\\\/www.koest.ch\\\/fr\\\/#\\\/schema\\\/logo\\\/image\\\/\"},\"sameAs\":[\"https:\\\/\\\/www.facebook.com\\\/koehlerstuedeli\\\/\",\"https:\\\/\\\/x.com\\\/walter_stuedeli\",\"https:\\\/\\\/ch.linkedin.com\\\/in\\\/walterstuedeli\"]},{\"@type\":\"Person\",\"@id\":\"https:\\\/\\\/www.koest.ch\\\/fr\\\/#\\\/schema\\\/person\\\/8381125888356833fa526f3cc9dbcdc2\",\"name\":\"Nicolas Kyramarios\",\"image\":{\"@type\":\"ImageObject\",\"inLanguage\":\"fr-FR\",\"@id\":\"https:\\\/\\\/secure.gravatar.com\\\/avatar\\\/192987de55ad6c754fe81a1b12bb5294e54c8a9d93541ae377ebe44b636d888d?s=96&d=mm&r=g\",\"url\":\"https:\\\/\\\/secure.gravatar.com\\\/avatar\\\/192987de55ad6c754fe81a1b12bb5294e54c8a9d93541ae377ebe44b636d888d?s=96&d=mm&r=g\",\"contentUrl\":\"https:\\\/\\\/secure.gravatar.com\\\/avatar\\\/192987de55ad6c754fe81a1b12bb5294e54c8a9d93541ae377ebe44b636d888d?s=96&d=mm&r=g\",\"caption\":\"Nicolas Kyramarios\"}}]}<\/script>\n<!-- \/ Yoast SEO plugin. -->","yoast_head_json":{"title":"Non \u00e0 la fusion des h\u00f4pitaux BS\/BL le 10 f\u00e9vrier 2019 | K\u00f6hler, St\u00fcdeli &amp; Partner GmbH","robots":{"index":"index","follow":"follow","max-snippet":"max-snippet:-1","max-image-preview":"max-image-preview:large","max-video-preview":"max-video-preview:-1"},"canonical":"https:\/\/www.koest.ch\/fr\/non-a-la-fusion-des-hopitaux-bs-bl-le-10-fevrier-2019\/","og_locale":"fr_FR","og_type":"article","og_title":"Non \u00e0 la fusion des h\u00f4pitaux BS\/BL le 10 f\u00e9vrier 2019 | K\u00f6hler, St\u00fcdeli &amp; Partner GmbH","og_description":"K\u00f6hler, St\u00fcdeli und Partner GmbH a g\u00e9r\u00e9 la campagne du \u00ab\u00a0Non\u00a0\u00bb \u00e0 l&rsquo;association \u00ab\u00a0Non aux accords internationaux\u00a0\u00bb. L&rsquo;agence politique de Berne \u00e9tait responsable de toutes [&hellip;]","og_url":"https:\/\/www.koest.ch\/fr\/non-a-la-fusion-des-hopitaux-bs-bl-le-10-fevrier-2019\/","og_site_name":"K\u00f6hler, St\u00fcdeli &amp; Partner GmbH","article_publisher":"https:\/\/www.facebook.com\/koehlerstuedeli\/","article_published_time":"2019-02-11T08:41:38+00:00","og_image":[{"width":713,"height":340,"url":"https:\/\/www.koest.ch\/wp-content\/uploads\/2019\/12\/aktuelles_19_02_11.png","type":"image\/png"}],"author":"Nicolas Kyramarios","schema":{"@context":"https:\/\/schema.org","@graph":[{"@type":"Article","@id":"https:\/\/www.koest.ch\/fr\/non-a-la-fusion-des-hopitaux-bs-bl-le-10-fevrier-2019\/#article","isPartOf":{"@id":"https:\/\/www.koest.ch\/fr\/non-a-la-fusion-des-hopitaux-bs-bl-le-10-fevrier-2019\/"},"author":{"name":"Nicolas Kyramarios","@id":"https:\/\/www.koest.ch\/fr\/#\/schema\/person\/8381125888356833fa526f3cc9dbcdc2"},"headline":"Non \u00e0 la fusion des h\u00f4pitaux BS\/BL le 10 f\u00e9vrier 2019","datePublished":"2019-02-11T08:41:38+00:00","mainEntityOfPage":{"@id":"https:\/\/www.koest.ch\/fr\/non-a-la-fusion-des-hopitaux-bs-bl-le-10-fevrier-2019\/"},"wordCount":878,"publisher":{"@id":"https:\/\/www.koest.ch\/fr\/#organization"},"image":{"@id":"https:\/\/www.koest.ch\/fr\/non-a-la-fusion-des-hopitaux-bs-bl-le-10-fevrier-2019\/#primaryimage"},"thumbnailUrl":"https:\/\/www.koest.ch\/wp-content\/uploads\/2019\/12\/aktuelles_19_02_11.png","inLanguage":"fr-FR"},{"@type":["WebPage","MedicalWebPage"],"@id":"https:\/\/www.koest.ch\/fr\/non-a-la-fusion-des-hopitaux-bs-bl-le-10-fevrier-2019\/","url":"https:\/\/www.koest.ch\/fr\/non-a-la-fusion-des-hopitaux-bs-bl-le-10-fevrier-2019\/","name":"Non \u00e0 la fusion des h\u00f4pitaux BS\/BL le 10 f\u00e9vrier 2019 | K\u00f6hler, St\u00fcdeli &amp; Partner GmbH","isPartOf":{"@id":"https:\/\/www.koest.ch\/fr\/#website"},"primaryImageOfPage":{"@id":"https:\/\/www.koest.ch\/fr\/non-a-la-fusion-des-hopitaux-bs-bl-le-10-fevrier-2019\/#primaryimage"},"image":{"@id":"https:\/\/www.koest.ch\/fr\/non-a-la-fusion-des-hopitaux-bs-bl-le-10-fevrier-2019\/#primaryimage"},"thumbnailUrl":"https:\/\/www.koest.ch\/wp-content\/uploads\/2019\/12\/aktuelles_19_02_11.png","datePublished":"2019-02-11T08:41:38+00:00","breadcrumb":{"@id":"https:\/\/www.koest.ch\/fr\/non-a-la-fusion-des-hopitaux-bs-bl-le-10-fevrier-2019\/#breadcrumb"},"inLanguage":"fr-FR","potentialAction":[{"@type":"ReadAction","target":["https:\/\/www.koest.ch\/fr\/non-a-la-fusion-des-hopitaux-bs-bl-le-10-fevrier-2019\/"]}]},{"@type":"ImageObject","inLanguage":"fr-FR","@id":"https:\/\/www.koest.ch\/fr\/non-a-la-fusion-des-hopitaux-bs-bl-le-10-fevrier-2019\/#primaryimage","url":"https:\/\/www.koest.ch\/wp-content\/uploads\/2019\/12\/aktuelles_19_02_11.png","contentUrl":"https:\/\/www.koest.ch\/wp-content\/uploads\/2019\/12\/aktuelles_19_02_11.png","width":713,"height":340},{"@type":"BreadcrumbList","@id":"https:\/\/www.koest.ch\/fr\/non-a-la-fusion-des-hopitaux-bs-bl-le-10-fevrier-2019\/#breadcrumb","itemListElement":[{"@type":"ListItem","position":1,"name":"Startseite","item":"https:\/\/www.koest.ch\/fr\/koehler-stuedeli-partner-gmbh\/"},{"@type":"ListItem","position":2,"name":"Non \u00e0 la fusion des h\u00f4pitaux BS\/BL le 10 f\u00e9vrier 2019"}]},{"@type":"WebSite","@id":"https:\/\/www.koest.ch\/fr\/#website","url":"https:\/\/www.koest.ch\/fr\/","name":"K\u00f6hler, St\u00fcdeli & Partner GmbH","description":"Politikberatung, Verbands- und Kommunikationsmanagement, Kampagnen","publisher":{"@id":"https:\/\/www.koest.ch\/fr\/#organization"},"alternateName":"koest.ch","potentialAction":[{"@type":"SearchAction","target":{"@type":"EntryPoint","urlTemplate":"https:\/\/www.koest.ch\/fr\/?s={search_term_string}"},"query-input":{"@type":"PropertyValueSpecification","valueRequired":true,"valueName":"search_term_string"}}],"inLanguage":"fr-FR"},{"@type":"Organization","@id":"https:\/\/www.koest.ch\/fr\/#organization","name":"K\u00f6hler, St\u00fcdeli & Partner GmbH","alternateName":"koest.ch","url":"https:\/\/www.koest.ch\/fr\/","logo":{"@type":"ImageObject","inLanguage":"fr-FR","@id":"https:\/\/www.koest.ch\/fr\/#\/schema\/logo\/image\/","url":"https:\/\/www.koest.ch\/wp-content\/uploads\/2020\/01\/logo_koehler_stuedeli_partner_gmbh.png","contentUrl":"https:\/\/www.koest.ch\/wp-content\/uploads\/2020\/01\/logo_koehler_stuedeli_partner_gmbh.png","width":453,"height":220,"caption":"K\u00f6hler, St\u00fcdeli & Partner GmbH"},"image":{"@id":"https:\/\/www.koest.ch\/fr\/#\/schema\/logo\/image\/"},"sameAs":["https:\/\/www.facebook.com\/koehlerstuedeli\/","https:\/\/x.com\/walter_stuedeli","https:\/\/ch.linkedin.com\/in\/walterstuedeli"]},{"@type":"Person","@id":"https:\/\/www.koest.ch\/fr\/#\/schema\/person\/8381125888356833fa526f3cc9dbcdc2","name":"Nicolas Kyramarios","image":{"@type":"ImageObject","inLanguage":"fr-FR","@id":"https:\/\/secure.gravatar.com\/avatar\/192987de55ad6c754fe81a1b12bb5294e54c8a9d93541ae377ebe44b636d888d?s=96&d=mm&r=g","url":"https:\/\/secure.gravatar.com\/avatar\/192987de55ad6c754fe81a1b12bb5294e54c8a9d93541ae377ebe44b636d888d?s=96&d=mm&r=g","contentUrl":"https:\/\/secure.gravatar.com\/avatar\/192987de55ad6c754fe81a1b12bb5294e54c8a9d93541ae377ebe44b636d888d?s=96&d=mm&r=g","caption":"Nicolas Kyramarios"}}]}},"_links":{"self":[{"href":"https:\/\/www.koest.ch\/fr\/wp-json\/wp\/v2\/posts\/4138","targetHints":{"allow":["GET"]}}],"collection":[{"href":"https:\/\/www.koest.ch\/fr\/wp-json\/wp\/v2\/posts"}],"about":[{"href":"https:\/\/www.koest.ch\/fr\/wp-json\/wp\/v2\/types\/post"}],"author":[{"embeddable":true,"href":"https:\/\/www.koest.ch\/fr\/wp-json\/wp\/v2\/users\/1"}],"replies":[{"embeddable":true,"href":"https:\/\/www.koest.ch\/fr\/wp-json\/wp\/v2\/comments?post=4138"}],"version-history":[{"count":0,"href":"https:\/\/www.koest.ch\/fr\/wp-json\/wp\/v2\/posts\/4138\/revisions"}],"wp:featuredmedia":[{"embeddable":true,"href":"https:\/\/www.koest.ch\/fr\/wp-json\/wp\/v2\/media\/3484"}],"wp:attachment":[{"href":"https:\/\/www.koest.ch\/fr\/wp-json\/wp\/v2\/media?parent=4138"}],"wp:term":[{"taxonomy":"category","embeddable":true,"href":"https:\/\/www.koest.ch\/fr\/wp-json\/wp\/v2\/categories?post=4138"},{"taxonomy":"post_tag","embeddable":true,"href":"https:\/\/www.koest.ch\/fr\/wp-json\/wp\/v2\/tags?post=4138"}],"curies":[{"name":"wp","href":"https:\/\/api.w.org\/{rel}","templated":true}]}}