{"id":4154,"date":"2017-12-16T12:30:33","date_gmt":"2017-12-16T11:30:33","guid":{"rendered":"https:\/\/www.koest.ch\/srf-regionaljournal-walter-stuedeli-sur-les-carrieres-politiques-et-la-revocation-des-deputes\/"},"modified":"2017-12-16T12:30:33","modified_gmt":"2017-12-16T11:30:33","slug":"srf-regionaljournal-walter-stuedeli-sur-les-carrieres-politiques-et-la-revocation-des-deputes","status":"publish","type":"post","link":"https:\/\/www.koest.ch\/fr\/srf-regionaljournal-walter-stuedeli-sur-les-carrieres-politiques-et-la-revocation-des-deputes\/","title":{"rendered":"SRF Regionaljournal : Walter St\u00fcdeli sur les carri\u00e8res politiques et la r\u00e9vocation des d\u00e9put\u00e9s"},"content":{"rendered":"<div>\n<div id=\"cc-m-textwithimage-11210796493\" class=\"cc-m-textwithimage-inline-rte\" data-name=\"text\" data-action=\"text\">  Le journal r\u00e9gional Berne-Fribourg-Valais fait le point sur les exp\u00e9riences de destitution de d\u00e9put\u00e9s.<br \/>\nAline Trede d\u00e9crit sa propre exp\u00e9rience, L&rsquo;exemple d&rsquo;Aline Trede n&rsquo;est pas un cas isol\u00e9, explique le conseiller politique et lobbyiste bernois Walter St\u00fcdeli.<br \/>\n\u00ab\u00a0Celui qui arrive jeune dans un parlement et qui n&rsquo;a pas encore d&rsquo;exp\u00e9rience professionnelle atterrit tr\u00e8s durement sur le sol apr\u00e8s une destitution\u00a0\u00bb. <a title=\"https:\/\/www.srf.ch\/news\/regional\/bern-freiburg-wallis\/aline-trede-zwei-jahre-nach-der-abwahl-eine-narbe-bleibt\" href=\"https:\/\/www.srf.ch\/news\/regional\/bern-freiburg-wallis\/aline-trede-zwei-jahre-nach-der-abwahl-eine-narbe-bleibt\" target=\"_blank\" rel=\"noopener noreferrer\">Lien vers le rapport sur le site du 18.12.2017Lien<\/a><a title=\"https:\/\/www.srf.ch\/play\/radio\/regi-be-fr-vs\/audio\/politberater-walter-stuedeli-ueber-politkarrieren-15-12-2017?id=e8673858-b47a-4f21-9c82-8997c6cba6e9&amp;startTime=8.83&amp;station=69e8ac16-4327-4af4-b873-fd5cd6e895a7\" href=\"https:\/\/www.srf.ch\/play\/radio\/regi-be-fr-vs\/audio\/politberater-walter-stuedeli-ueber-politkarrieren-15-12-2017?id=e8673858-b47a-4f21-9c82-8997c6cba6e9&amp;startTime=8.83&amp;station=69e8ac16-4327-4af4-b873-fd5cd6e895a7\" target=\"_blank\" rel=\"noopener noreferrer\">vers l&rsquo;interview radio de Walter St\u00fcdeli<\/a>  <\/p>\n<\/div>\n<\/div>\n","protected":false},"excerpt":{"rendered":"<p>Le journal r\u00e9gional Berne-Fribourg-Valais fait le point sur les exp\u00e9riences de destitution de d\u00e9put\u00e9s. Aline Trede d\u00e9crit sa propre exp\u00e9rience, L&rsquo;exemple d&rsquo;Aline Trede n&rsquo;est pas [&hellip;]<\/p>\n","protected":false},"author":1,"featured_media":3590,"comment_status":"closed","ping_status":"open","sticky":false,"template":"","format":"standard","meta":{"_acf_changed":false,"site-sidebar-layout":"default","site-content-layout":"default","ast-site-content-layout":"default","site-content-style":"default","site-sidebar-style":"default","ast-global-header-display":"","ast-banner-title-visibility":"","ast-main-header-display":"","ast-hfb-above-header-display":"","ast-hfb-below-header-display":"","ast-hfb-mobile-header-display":"","site-post-title":"","ast-breadcrumbs-content":"","ast-featured-img":"","footer-sml-layout":"","ast-disable-related-posts":"","theme-transparent-header-meta":"default","adv-header-id-meta":"","stick-header-meta":"","header-above-stick-meta":"","header-main-stick-meta":"","header-below-stick-meta":"","astra-migrate-meta-layouts":"default","ast-page-background-enabled":"default","ast-page-background-meta":{"desktop":{"background-color":"","background-image":"","background-repeat":"repeat","background-position":"center center","background-size":"auto","background-attachment":"scroll","background-type":"","background-media":"","overlay-type":"","overlay-color":"","overlay-opacity":"","overlay-gradient":""},"tablet":{"background-color":"","background-image":"","background-repeat":"repeat","background-position":"center center","background-size":"auto","background-attachment":"scroll","background-type":"","background-media":"","overlay-type":"","overlay-color":"","overlay-opacity":"","overlay-gradient":""},"mobile":{"background-color":"","background-image":"","background-repeat":"repeat","background-position":"center center","background-size":"auto","background-attachment":"scroll","background-type":"","background-media":"","overlay-type":"","overlay-color":"","overlay-opacity":"","overlay-gradient":""}},"ast-content-background-meta":{"desktop":{"background-color":"var(--ast-global-color-5)","background-image":"","background-repeat":"repeat","background-position":"center center","background-size":"auto","background-attachment":"scroll","background-type":"","background-media":"","overlay-type":"","overlay-color":"","overlay-opacity":"","overlay-gradient":""},"tablet":{"background-color":"var(--ast-global-color-5)","background-image":"","background-repeat":"repeat","background-position":"center center","background-size":"auto","background-attachment":"scroll","background-type":"","background-media":"","overlay-type":"","overlay-color":"","overlay-opacity":"","overlay-gradient":""},"mobile":{"background-color":"var(--ast-global-color-5)","background-image":"","background-repeat":"repeat","background-position":"center center","background-size":"auto","background-attachment":"scroll","background-type":"","background-media":"","overlay-type":"","overlay-color":"","overlay-opacity":"","overlay-gradient":""}},"footnotes":""},"categories":[41,36],"tags":[],"class_list":["post-4154","post","type-post","status-publish","format-standard","has-post-thumbnail","hentry","category-medias","category-non-classe"],"acf":[],"yoast_head":"<!-- This site is optimized with the Yoast SEO plugin v27.5 - https:\/\/yoast.com\/product\/yoast-seo-wordpress\/ -->\n<title>SRF Regionaljournal : Walter St\u00fcdeli sur les carri\u00e8res politiques et la r\u00e9vocation des d\u00e9put\u00e9s | K\u00f6hler, St\u00fcdeli &amp; Partner GmbH<\/title>\n<meta name=\"robots\" content=\"index, follow, max-snippet:-1, max-image-preview:large, max-video-preview:-1\" \/>\n<link rel=\"canonical\" href=\"https:\/\/www.koest.ch\/fr\/srf-regionaljournal-walter-stuedeli-sur-les-carrieres-politiques-et-la-revocation-des-deputes\/\" \/>\n<meta property=\"og:locale\" content=\"fr_FR\" \/>\n<meta property=\"og:type\" content=\"article\" \/>\n<meta property=\"og:title\" content=\"SRF Regionaljournal : Walter St\u00fcdeli sur les carri\u00e8res politiques et la r\u00e9vocation des d\u00e9put\u00e9s | K\u00f6hler, St\u00fcdeli &amp; Partner GmbH\" \/>\n<meta property=\"og:description\" content=\"Le journal r\u00e9gional Berne-Fribourg-Valais fait le point sur les exp\u00e9riences de destitution de d\u00e9put\u00e9s. Aline Trede d\u00e9crit sa propre exp\u00e9rience, L&rsquo;exemple d&rsquo;Aline Trede n&rsquo;est pas [&hellip;]\" \/>\n<meta property=\"og:url\" content=\"https:\/\/www.koest.ch\/fr\/srf-regionaljournal-walter-stuedeli-sur-les-carrieres-politiques-et-la-revocation-des-deputes\/\" \/>\n<meta property=\"og:site_name\" content=\"K\u00f6hler, St\u00fcdeli &amp; Partner GmbH\" \/>\n<meta property=\"article:publisher\" content=\"https:\/\/www.facebook.com\/koehlerstuedeli\/\" \/>\n<meta property=\"article:published_time\" content=\"2017-12-16T11:30:33+00:00\" \/>\n<meta property=\"og:image\" content=\"https:\/\/www.koest.ch\/wp-content\/uploads\/2019\/12\/aktuelles_17_12_16.png\" \/>\n\t<meta property=\"og:image:width\" content=\"346\" \/>\n\t<meta property=\"og:image:height\" content=\"195\" \/>\n\t<meta property=\"og:image:type\" content=\"image\/png\" \/>\n<meta name=\"author\" content=\"Nicolas Kyramarios\" \/>\n<script type=\"application\/ld+json\" class=\"yoast-schema-graph\">{\"@context\":\"https:\\\/\\\/schema.org\",\"@graph\":[{\"@type\":\"Article\",\"@id\":\"https:\\\/\\\/www.koest.ch\\\/fr\\\/srf-regionaljournal-walter-stuedeli-sur-les-carrieres-politiques-et-la-revocation-des-deputes\\\/#article\",\"isPartOf\":{\"@id\":\"https:\\\/\\\/www.koest.ch\\\/fr\\\/srf-regionaljournal-walter-stuedeli-sur-les-carrieres-politiques-et-la-revocation-des-deputes\\\/\"},\"author\":{\"name\":\"Nicolas Kyramarios\",\"@id\":\"https:\\\/\\\/www.koest.ch\\\/fr\\\/#\\\/schema\\\/person\\\/8381125888356833fa526f3cc9dbcdc2\"},\"headline\":\"SRF Regionaljournal : Walter St\u00fcdeli sur les carri\u00e8res politiques et la r\u00e9vocation des d\u00e9put\u00e9s\",\"datePublished\":\"2017-12-16T11:30:33+00:00\",\"mainEntityOfPage\":{\"@id\":\"https:\\\/\\\/www.koest.ch\\\/fr\\\/srf-regionaljournal-walter-stuedeli-sur-les-carrieres-politiques-et-la-revocation-des-deputes\\\/\"},\"wordCount\":110,\"publisher\":{\"@id\":\"https:\\\/\\\/www.koest.ch\\\/fr\\\/#organization\"},\"image\":{\"@id\":\"https:\\\/\\\/www.koest.ch\\\/fr\\\/srf-regionaljournal-walter-stuedeli-sur-les-carrieres-politiques-et-la-revocation-des-deputes\\\/#primaryimage\"},\"thumbnailUrl\":\"https:\\\/\\\/www.koest.ch\\\/wp-content\\\/uploads\\\/2019\\\/12\\\/aktuelles_17_12_16.png\",\"articleSection\":[\"M\u00e9dias\"],\"inLanguage\":\"fr-FR\"},{\"@type\":[\"WebPage\",\"MedicalWebPage\"],\"@id\":\"https:\\\/\\\/www.koest.ch\\\/fr\\\/srf-regionaljournal-walter-stuedeli-sur-les-carrieres-politiques-et-la-revocation-des-deputes\\\/\",\"url\":\"https:\\\/\\\/www.koest.ch\\\/fr\\\/srf-regionaljournal-walter-stuedeli-sur-les-carrieres-politiques-et-la-revocation-des-deputes\\\/\",\"name\":\"SRF Regionaljournal : Walter St\u00fcdeli sur les carri\u00e8res politiques et la r\u00e9vocation des d\u00e9put\u00e9s | K\u00f6hler, St\u00fcdeli &amp; Partner GmbH\",\"isPartOf\":{\"@id\":\"https:\\\/\\\/www.koest.ch\\\/fr\\\/#website\"},\"primaryImageOfPage\":{\"@id\":\"https:\\\/\\\/www.koest.ch\\\/fr\\\/srf-regionaljournal-walter-stuedeli-sur-les-carrieres-politiques-et-la-revocation-des-deputes\\\/#primaryimage\"},\"image\":{\"@id\":\"https:\\\/\\\/www.koest.ch\\\/fr\\\/srf-regionaljournal-walter-stuedeli-sur-les-carrieres-politiques-et-la-revocation-des-deputes\\\/#primaryimage\"},\"thumbnailUrl\":\"https:\\\/\\\/www.koest.ch\\\/wp-content\\\/uploads\\\/2019\\\/12\\\/aktuelles_17_12_16.png\",\"datePublished\":\"2017-12-16T11:30:33+00:00\",\"breadcrumb\":{\"@id\":\"https:\\\/\\\/www.koest.ch\\\/fr\\\/srf-regionaljournal-walter-stuedeli-sur-les-carrieres-politiques-et-la-revocation-des-deputes\\\/#breadcrumb\"},\"inLanguage\":\"fr-FR\",\"potentialAction\":[{\"@type\":\"ReadAction\",\"target\":[\"https:\\\/\\\/www.koest.ch\\\/fr\\\/srf-regionaljournal-walter-stuedeli-sur-les-carrieres-politiques-et-la-revocation-des-deputes\\\/\"]}]},{\"@type\":\"ImageObject\",\"inLanguage\":\"fr-FR\",\"@id\":\"https:\\\/\\\/www.koest.ch\\\/fr\\\/srf-regionaljournal-walter-stuedeli-sur-les-carrieres-politiques-et-la-revocation-des-deputes\\\/#primaryimage\",\"url\":\"https:\\\/\\\/www.koest.ch\\\/wp-content\\\/uploads\\\/2019\\\/12\\\/aktuelles_17_12_16.png\",\"contentUrl\":\"https:\\\/\\\/www.koest.ch\\\/wp-content\\\/uploads\\\/2019\\\/12\\\/aktuelles_17_12_16.png\",\"width\":346,\"height\":195},{\"@type\":\"BreadcrumbList\",\"@id\":\"https:\\\/\\\/www.koest.ch\\\/fr\\\/srf-regionaljournal-walter-stuedeli-sur-les-carrieres-politiques-et-la-revocation-des-deputes\\\/#breadcrumb\",\"itemListElement\":[{\"@type\":\"ListItem\",\"position\":1,\"name\":\"Startseite\",\"item\":\"https:\\\/\\\/www.koest.ch\\\/fr\\\/koehler-stuedeli-partner-gmbh\\\/\"},{\"@type\":\"ListItem\",\"position\":2,\"name\":\"SRF Regionaljournal : Walter St\u00fcdeli sur les carri\u00e8res politiques et la r\u00e9vocation des d\u00e9put\u00e9s\"}]},{\"@type\":\"WebSite\",\"@id\":\"https:\\\/\\\/www.koest.ch\\\/fr\\\/#website\",\"url\":\"https:\\\/\\\/www.koest.ch\\\/fr\\\/\",\"name\":\"K\u00f6hler, St\u00fcdeli & Partner GmbH\",\"description\":\"Politikberatung, Verbands- und Kommunikationsmanagement, Kampagnen\",\"publisher\":{\"@id\":\"https:\\\/\\\/www.koest.ch\\\/fr\\\/#organization\"},\"alternateName\":\"koest.ch\",\"potentialAction\":[{\"@type\":\"SearchAction\",\"target\":{\"@type\":\"EntryPoint\",\"urlTemplate\":\"https:\\\/\\\/www.koest.ch\\\/fr\\\/?s={search_term_string}\"},\"query-input\":{\"@type\":\"PropertyValueSpecification\",\"valueRequired\":true,\"valueName\":\"search_term_string\"}}],\"inLanguage\":\"fr-FR\"},{\"@type\":\"Organization\",\"@id\":\"https:\\\/\\\/www.koest.ch\\\/fr\\\/#organization\",\"name\":\"K\u00f6hler, St\u00fcdeli & Partner GmbH\",\"alternateName\":\"koest.ch\",\"url\":\"https:\\\/\\\/www.koest.ch\\\/fr\\\/\",\"logo\":{\"@type\":\"ImageObject\",\"inLanguage\":\"fr-FR\",\"@id\":\"https:\\\/\\\/www.koest.ch\\\/fr\\\/#\\\/schema\\\/logo\\\/image\\\/\",\"url\":\"https:\\\/\\\/www.koest.ch\\\/wp-content\\\/uploads\\\/2020\\\/01\\\/logo_koehler_stuedeli_partner_gmbh.png\",\"contentUrl\":\"https:\\\/\\\/www.koest.ch\\\/wp-content\\\/uploads\\\/2020\\\/01\\\/logo_koehler_stuedeli_partner_gmbh.png\",\"width\":453,\"height\":220,\"caption\":\"K\u00f6hler, St\u00fcdeli & Partner GmbH\"},\"image\":{\"@id\":\"https:\\\/\\\/www.koest.ch\\\/fr\\\/#\\\/schema\\\/logo\\\/image\\\/\"},\"sameAs\":[\"https:\\\/\\\/www.facebook.com\\\/koehlerstuedeli\\\/\",\"https:\\\/\\\/x.com\\\/walter_stuedeli\",\"https:\\\/\\\/ch.linkedin.com\\\/in\\\/walterstuedeli\"]},{\"@type\":\"Person\",\"@id\":\"https:\\\/\\\/www.koest.ch\\\/fr\\\/#\\\/schema\\\/person\\\/8381125888356833fa526f3cc9dbcdc2\",\"name\":\"Nicolas Kyramarios\",\"image\":{\"@type\":\"ImageObject\",\"inLanguage\":\"fr-FR\",\"@id\":\"https:\\\/\\\/secure.gravatar.com\\\/avatar\\\/192987de55ad6c754fe81a1b12bb5294e54c8a9d93541ae377ebe44b636d888d?s=96&d=mm&r=g\",\"url\":\"https:\\\/\\\/secure.gravatar.com\\\/avatar\\\/192987de55ad6c754fe81a1b12bb5294e54c8a9d93541ae377ebe44b636d888d?s=96&d=mm&r=g\",\"contentUrl\":\"https:\\\/\\\/secure.gravatar.com\\\/avatar\\\/192987de55ad6c754fe81a1b12bb5294e54c8a9d93541ae377ebe44b636d888d?s=96&d=mm&r=g\",\"caption\":\"Nicolas Kyramarios\"}}]}<\/script>\n<!-- \/ Yoast SEO plugin. -->","yoast_head_json":{"title":"SRF Regionaljournal : Walter St\u00fcdeli sur les carri\u00e8res politiques et la r\u00e9vocation des d\u00e9put\u00e9s | K\u00f6hler, St\u00fcdeli &amp; Partner GmbH","robots":{"index":"index","follow":"follow","max-snippet":"max-snippet:-1","max-image-preview":"max-image-preview:large","max-video-preview":"max-video-preview:-1"},"canonical":"https:\/\/www.koest.ch\/fr\/srf-regionaljournal-walter-stuedeli-sur-les-carrieres-politiques-et-la-revocation-des-deputes\/","og_locale":"fr_FR","og_type":"article","og_title":"SRF Regionaljournal : Walter St\u00fcdeli sur les carri\u00e8res politiques et la r\u00e9vocation des d\u00e9put\u00e9s | K\u00f6hler, St\u00fcdeli &amp; Partner GmbH","og_description":"Le journal r\u00e9gional Berne-Fribourg-Valais fait le point sur les exp\u00e9riences de destitution de d\u00e9put\u00e9s. Aline Trede d\u00e9crit sa propre exp\u00e9rience, L&rsquo;exemple d&rsquo;Aline Trede n&rsquo;est pas [&hellip;]","og_url":"https:\/\/www.koest.ch\/fr\/srf-regionaljournal-walter-stuedeli-sur-les-carrieres-politiques-et-la-revocation-des-deputes\/","og_site_name":"K\u00f6hler, St\u00fcdeli &amp; Partner GmbH","article_publisher":"https:\/\/www.facebook.com\/koehlerstuedeli\/","article_published_time":"2017-12-16T11:30:33+00:00","og_image":[{"width":346,"height":195,"url":"https:\/\/www.koest.ch\/wp-content\/uploads\/2019\/12\/aktuelles_17_12_16.png","type":"image\/png"}],"author":"Nicolas Kyramarios","schema":{"@context":"https:\/\/schema.org","@graph":[{"@type":"Article","@id":"https:\/\/www.koest.ch\/fr\/srf-regionaljournal-walter-stuedeli-sur-les-carrieres-politiques-et-la-revocation-des-deputes\/#article","isPartOf":{"@id":"https:\/\/www.koest.ch\/fr\/srf-regionaljournal-walter-stuedeli-sur-les-carrieres-politiques-et-la-revocation-des-deputes\/"},"author":{"name":"Nicolas Kyramarios","@id":"https:\/\/www.koest.ch\/fr\/#\/schema\/person\/8381125888356833fa526f3cc9dbcdc2"},"headline":"SRF Regionaljournal : Walter St\u00fcdeli sur les carri\u00e8res politiques et la r\u00e9vocation des d\u00e9put\u00e9s","datePublished":"2017-12-16T11:30:33+00:00","mainEntityOfPage":{"@id":"https:\/\/www.koest.ch\/fr\/srf-regionaljournal-walter-stuedeli-sur-les-carrieres-politiques-et-la-revocation-des-deputes\/"},"wordCount":110,"publisher":{"@id":"https:\/\/www.koest.ch\/fr\/#organization"},"image":{"@id":"https:\/\/www.koest.ch\/fr\/srf-regionaljournal-walter-stuedeli-sur-les-carrieres-politiques-et-la-revocation-des-deputes\/#primaryimage"},"thumbnailUrl":"https:\/\/www.koest.ch\/wp-content\/uploads\/2019\/12\/aktuelles_17_12_16.png","articleSection":["M\u00e9dias"],"inLanguage":"fr-FR"},{"@type":["WebPage","MedicalWebPage"],"@id":"https:\/\/www.koest.ch\/fr\/srf-regionaljournal-walter-stuedeli-sur-les-carrieres-politiques-et-la-revocation-des-deputes\/","url":"https:\/\/www.koest.ch\/fr\/srf-regionaljournal-walter-stuedeli-sur-les-carrieres-politiques-et-la-revocation-des-deputes\/","name":"SRF Regionaljournal : Walter St\u00fcdeli sur les carri\u00e8res politiques et la r\u00e9vocation des d\u00e9put\u00e9s | K\u00f6hler, St\u00fcdeli &amp; Partner GmbH","isPartOf":{"@id":"https:\/\/www.koest.ch\/fr\/#website"},"primaryImageOfPage":{"@id":"https:\/\/www.koest.ch\/fr\/srf-regionaljournal-walter-stuedeli-sur-les-carrieres-politiques-et-la-revocation-des-deputes\/#primaryimage"},"image":{"@id":"https:\/\/www.koest.ch\/fr\/srf-regionaljournal-walter-stuedeli-sur-les-carrieres-politiques-et-la-revocation-des-deputes\/#primaryimage"},"thumbnailUrl":"https:\/\/www.koest.ch\/wp-content\/uploads\/2019\/12\/aktuelles_17_12_16.png","datePublished":"2017-12-16T11:30:33+00:00","breadcrumb":{"@id":"https:\/\/www.koest.ch\/fr\/srf-regionaljournal-walter-stuedeli-sur-les-carrieres-politiques-et-la-revocation-des-deputes\/#breadcrumb"},"inLanguage":"fr-FR","potentialAction":[{"@type":"ReadAction","target":["https:\/\/www.koest.ch\/fr\/srf-regionaljournal-walter-stuedeli-sur-les-carrieres-politiques-et-la-revocation-des-deputes\/"]}]},{"@type":"ImageObject","inLanguage":"fr-FR","@id":"https:\/\/www.koest.ch\/fr\/srf-regionaljournal-walter-stuedeli-sur-les-carrieres-politiques-et-la-revocation-des-deputes\/#primaryimage","url":"https:\/\/www.koest.ch\/wp-content\/uploads\/2019\/12\/aktuelles_17_12_16.png","contentUrl":"https:\/\/www.koest.ch\/wp-content\/uploads\/2019\/12\/aktuelles_17_12_16.png","width":346,"height":195},{"@type":"BreadcrumbList","@id":"https:\/\/www.koest.ch\/fr\/srf-regionaljournal-walter-stuedeli-sur-les-carrieres-politiques-et-la-revocation-des-deputes\/#breadcrumb","itemListElement":[{"@type":"ListItem","position":1,"name":"Startseite","item":"https:\/\/www.koest.ch\/fr\/koehler-stuedeli-partner-gmbh\/"},{"@type":"ListItem","position":2,"name":"SRF Regionaljournal : Walter St\u00fcdeli sur les carri\u00e8res politiques et la r\u00e9vocation des d\u00e9put\u00e9s"}]},{"@type":"WebSite","@id":"https:\/\/www.koest.ch\/fr\/#website","url":"https:\/\/www.koest.ch\/fr\/","name":"K\u00f6hler, St\u00fcdeli & Partner GmbH","description":"Politikberatung, Verbands- und Kommunikationsmanagement, Kampagnen","publisher":{"@id":"https:\/\/www.koest.ch\/fr\/#organization"},"alternateName":"koest.ch","potentialAction":[{"@type":"SearchAction","target":{"@type":"EntryPoint","urlTemplate":"https:\/\/www.koest.ch\/fr\/?s={search_term_string}"},"query-input":{"@type":"PropertyValueSpecification","valueRequired":true,"valueName":"search_term_string"}}],"inLanguage":"fr-FR"},{"@type":"Organization","@id":"https:\/\/www.koest.ch\/fr\/#organization","name":"K\u00f6hler, St\u00fcdeli & Partner GmbH","alternateName":"koest.ch","url":"https:\/\/www.koest.ch\/fr\/","logo":{"@type":"ImageObject","inLanguage":"fr-FR","@id":"https:\/\/www.koest.ch\/fr\/#\/schema\/logo\/image\/","url":"https:\/\/www.koest.ch\/wp-content\/uploads\/2020\/01\/logo_koehler_stuedeli_partner_gmbh.png","contentUrl":"https:\/\/www.koest.ch\/wp-content\/uploads\/2020\/01\/logo_koehler_stuedeli_partner_gmbh.png","width":453,"height":220,"caption":"K\u00f6hler, St\u00fcdeli & Partner GmbH"},"image":{"@id":"https:\/\/www.koest.ch\/fr\/#\/schema\/logo\/image\/"},"sameAs":["https:\/\/www.facebook.com\/koehlerstuedeli\/","https:\/\/x.com\/walter_stuedeli","https:\/\/ch.linkedin.com\/in\/walterstuedeli"]},{"@type":"Person","@id":"https:\/\/www.koest.ch\/fr\/#\/schema\/person\/8381125888356833fa526f3cc9dbcdc2","name":"Nicolas Kyramarios","image":{"@type":"ImageObject","inLanguage":"fr-FR","@id":"https:\/\/secure.gravatar.com\/avatar\/192987de55ad6c754fe81a1b12bb5294e54c8a9d93541ae377ebe44b636d888d?s=96&d=mm&r=g","url":"https:\/\/secure.gravatar.com\/avatar\/192987de55ad6c754fe81a1b12bb5294e54c8a9d93541ae377ebe44b636d888d?s=96&d=mm&r=g","contentUrl":"https:\/\/secure.gravatar.com\/avatar\/192987de55ad6c754fe81a1b12bb5294e54c8a9d93541ae377ebe44b636d888d?s=96&d=mm&r=g","caption":"Nicolas Kyramarios"}}]}},"_links":{"self":[{"href":"https:\/\/www.koest.ch\/fr\/wp-json\/wp\/v2\/posts\/4154","targetHints":{"allow":["GET"]}}],"collection":[{"href":"https:\/\/www.koest.ch\/fr\/wp-json\/wp\/v2\/posts"}],"about":[{"href":"https:\/\/www.koest.ch\/fr\/wp-json\/wp\/v2\/types\/post"}],"author":[{"embeddable":true,"href":"https:\/\/www.koest.ch\/fr\/wp-json\/wp\/v2\/users\/1"}],"replies":[{"embeddable":true,"href":"https:\/\/www.koest.ch\/fr\/wp-json\/wp\/v2\/comments?post=4154"}],"version-history":[{"count":0,"href":"https:\/\/www.koest.ch\/fr\/wp-json\/wp\/v2\/posts\/4154\/revisions"}],"wp:featuredmedia":[{"embeddable":true,"href":"https:\/\/www.koest.ch\/fr\/wp-json\/wp\/v2\/media\/3590"}],"wp:attachment":[{"href":"https:\/\/www.koest.ch\/fr\/wp-json\/wp\/v2\/media?parent=4154"}],"wp:term":[{"taxonomy":"category","embeddable":true,"href":"https:\/\/www.koest.ch\/fr\/wp-json\/wp\/v2\/categories?post=4154"},{"taxonomy":"post_tag","embeddable":true,"href":"https:\/\/www.koest.ch\/fr\/wp-json\/wp\/v2\/tags?post=4154"}],"curies":[{"name":"wp","href":"https:\/\/api.w.org\/{rel}","templated":true}]}}