{"id":4173,"date":"2018-09-24T09:51:25","date_gmt":"2018-09-24T07:51:25","guid":{"rendered":"https:\/\/www.koest.ch\/creation-dun-groupe-parlementaire-sur-la-pediatrie\/"},"modified":"2018-09-24T09:51:25","modified_gmt":"2018-09-24T07:51:25","slug":"creation-dun-groupe-parlementaire-sur-la-pediatrie","status":"publish","type":"post","link":"https:\/\/www.koest.ch\/fr\/creation-dun-groupe-parlementaire-sur-la-pediatrie\/","title":{"rendered":"Cr\u00e9ation d&rsquo;un groupe parlementaire sur la p\u00e9diatrie"},"content":{"rendered":"<p>Le 24 septembre 2018, le groupe parlementaire de m\u00e9decine de l&rsquo;enfance et de l&rsquo;adolescence a \u00e9t\u00e9 cr\u00e9\u00e9 \u00e0 Berne et b\u00e9n\u00e9ficie d&rsquo;un large soutien politique.<br \/>\nIl a pour objectif de contribuer \u00e0 garantir une couverture compl\u00e8te de la m\u00e9decine p\u00e9diatrique en ville et \u00e0 la campagne.<br \/>\nLes principales associations de p\u00e9diatrie saluent express\u00e9ment cette cr\u00e9ation.<br \/>\nLe groupe parlementaire M\u00e9decine de l&rsquo;enfance et de l&rsquo;adolescence b\u00e9n\u00e9ficie d&rsquo;un large soutien politique.<br \/>\nLa copr\u00e9sidence est assur\u00e9e par le conseiller aux \u00c9tats Damian M\u00fcller (PRD, LU) ainsi que par les conseill\u00e8res nationales Marina Carobbio Guscetti (PS, TI), Verena Herzog (UDC, TG), Ruth Humbel (PDC, AG) et la conseill\u00e8re nationale Tiana Moser (pvl, ZH).<br \/>\nWalter St\u00fcdeli a \u00e9t\u00e9 \u00e9lu directeur du groupe parlementaire.       <a href=\"https:\/\/koest.cyon.site\/wp-content\/uploads\/2018\/09\/20180925_Communique%CC%81Gru%CC%88ndung_ParlG_Kindermedizin_D.pdf\" target=\"_blank\" rel=\"noopener noreferrer\"><a href=\"https:\/\/koest.cyon.site\/wp-content\/uploads\/2018\/09\/20180925_Communique%CC%81Gru%CC%88ndung_ParlG_Kindermedizin_D.pdf\">Cr\u00e9ation d&rsquo;un groupe parlementaire sur la p\u00e9diatrie (PDF)<\/a><\/a><\/p>\n","protected":false},"excerpt":{"rendered":"<p>Le 24 septembre 2018, le groupe parlementaire de m\u00e9decine de l&rsquo;enfance et de l&rsquo;adolescence a \u00e9t\u00e9 cr\u00e9\u00e9 \u00e0 Berne et b\u00e9n\u00e9ficie d&rsquo;un large soutien politique. [&hellip;]<\/p>\n","protected":false},"author":1,"featured_media":3664,"comment_status":"closed","ping_status":"open","sticky":false,"template":"","format":"standard","meta":{"_acf_changed":false,"site-sidebar-layout":"default","site-content-layout":"default","ast-site-content-layout":"default","site-content-style":"default","site-sidebar-style":"default","ast-global-header-display":"","ast-banner-title-visibility":"","ast-main-header-display":"","ast-hfb-above-header-display":"","ast-hfb-below-header-display":"","ast-hfb-mobile-header-display":"","site-post-title":"","ast-breadcrumbs-content":"","ast-featured-img":"","footer-sml-layout":"","ast-disable-related-posts":"","theme-transparent-header-meta":"default","adv-header-id-meta":"","stick-header-meta":"","header-above-stick-meta":"","header-main-stick-meta":"","header-below-stick-meta":"","astra-migrate-meta-layouts":"default","ast-page-background-enabled":"default","ast-page-background-meta":{"desktop":{"background-color":"","background-image":"","background-repeat":"repeat","background-position":"center center","background-size":"auto","background-attachment":"scroll","background-type":"","background-media":"","overlay-type":"","overlay-color":"","overlay-opacity":"","overlay-gradient":""},"tablet":{"background-color":"","background-image":"","background-repeat":"repeat","background-position":"center center","background-size":"auto","background-attachment":"scroll","background-type":"","background-media":"","overlay-type":"","overlay-color":"","overlay-opacity":"","overlay-gradient":""},"mobile":{"background-color":"","background-image":"","background-repeat":"repeat","background-position":"center center","background-size":"auto","background-attachment":"scroll","background-type":"","background-media":"","overlay-type":"","overlay-color":"","overlay-opacity":"","overlay-gradient":""}},"ast-content-background-meta":{"desktop":{"background-color":"var(--ast-global-color-5)","background-image":"","background-repeat":"repeat","background-position":"center center","background-size":"auto","background-attachment":"scroll","background-type":"","background-media":"","overlay-type":"","overlay-color":"","overlay-opacity":"","overlay-gradient":""},"tablet":{"background-color":"var(--ast-global-color-5)","background-image":"","background-repeat":"repeat","background-position":"center center","background-size":"auto","background-attachment":"scroll","background-type":"","background-media":"","overlay-type":"","overlay-color":"","overlay-opacity":"","overlay-gradient":""},"mobile":{"background-color":"var(--ast-global-color-5)","background-image":"","background-repeat":"repeat","background-position":"center center","background-size":"auto","background-attachment":"scroll","background-type":"","background-media":"","overlay-type":"","overlay-color":"","overlay-opacity":"","overlay-gradient":""}},"footnotes":""},"categories":[36],"tags":[],"class_list":["post-4173","post","type-post","status-publish","format-standard","has-post-thumbnail","hentry","category-non-classe"],"acf":[],"yoast_head":"<!-- This site is optimized with the Yoast SEO plugin v27.4 - https:\/\/yoast.com\/product\/yoast-seo-wordpress\/ -->\n<title>Cr\u00e9ation d&#039;un groupe parlementaire sur la p\u00e9diatrie | K\u00f6hler, St\u00fcdeli &amp; Partner GmbH<\/title>\n<meta name=\"robots\" content=\"index, follow, max-snippet:-1, max-image-preview:large, max-video-preview:-1\" \/>\n<link rel=\"canonical\" href=\"https:\/\/www.koest.ch\/fr\/creation-dun-groupe-parlementaire-sur-la-pediatrie\/\" \/>\n<meta property=\"og:locale\" content=\"fr_FR\" \/>\n<meta property=\"og:type\" content=\"article\" \/>\n<meta property=\"og:title\" content=\"Cr\u00e9ation d&#039;un groupe parlementaire sur la p\u00e9diatrie | K\u00f6hler, St\u00fcdeli &amp; Partner GmbH\" \/>\n<meta property=\"og:description\" content=\"Le 24 septembre 2018, le groupe parlementaire de m\u00e9decine de l&rsquo;enfance et de l&rsquo;adolescence a \u00e9t\u00e9 cr\u00e9\u00e9 \u00e0 Berne et b\u00e9n\u00e9ficie d&rsquo;un large soutien politique. [&hellip;]\" \/>\n<meta property=\"og:url\" content=\"https:\/\/www.koest.ch\/fr\/creation-dun-groupe-parlementaire-sur-la-pediatrie\/\" \/>\n<meta property=\"og:site_name\" content=\"K\u00f6hler, St\u00fcdeli &amp; Partner GmbH\" \/>\n<meta property=\"article:publisher\" content=\"https:\/\/www.facebook.com\/koehlerstuedeli\/\" \/>\n<meta property=\"article:published_time\" content=\"2018-09-24T07:51:25+00:00\" \/>\n<meta property=\"og:image\" content=\"https:\/\/www.koest.ch\/wp-content\/uploads\/2018\/09\/Logo_ParlG_Kinder.png\" \/>\n\t<meta property=\"og:image:width\" content=\"574\" \/>\n\t<meta property=\"og:image:height\" content=\"574\" \/>\n\t<meta property=\"og:image:type\" content=\"image\/png\" \/>\n<meta name=\"author\" content=\"Nicolas Kyramarios\" \/>\n<script type=\"application\/ld+json\" class=\"yoast-schema-graph\">{\"@context\":\"https:\\\/\\\/schema.org\",\"@graph\":[{\"@type\":\"Article\",\"@id\":\"https:\\\/\\\/www.koest.ch\\\/fr\\\/creation-dun-groupe-parlementaire-sur-la-pediatrie\\\/#article\",\"isPartOf\":{\"@id\":\"https:\\\/\\\/www.koest.ch\\\/fr\\\/creation-dun-groupe-parlementaire-sur-la-pediatrie\\\/\"},\"author\":{\"name\":\"Nicolas Kyramarios\",\"@id\":\"https:\\\/\\\/www.koest.ch\\\/fr\\\/#\\\/schema\\\/person\\\/8381125888356833fa526f3cc9dbcdc2\"},\"headline\":\"Cr\u00e9ation d&rsquo;un groupe parlementaire sur la p\u00e9diatrie\",\"datePublished\":\"2018-09-24T07:51:25+00:00\",\"mainEntityOfPage\":{\"@id\":\"https:\\\/\\\/www.koest.ch\\\/fr\\\/creation-dun-groupe-parlementaire-sur-la-pediatrie\\\/\"},\"wordCount\":158,\"publisher\":{\"@id\":\"https:\\\/\\\/www.koest.ch\\\/fr\\\/#organization\"},\"image\":{\"@id\":\"https:\\\/\\\/www.koest.ch\\\/fr\\\/creation-dun-groupe-parlementaire-sur-la-pediatrie\\\/#primaryimage\"},\"thumbnailUrl\":\"https:\\\/\\\/www.koest.ch\\\/wp-content\\\/uploads\\\/2018\\\/09\\\/Logo_ParlG_Kinder.png\",\"inLanguage\":\"fr-FR\"},{\"@type\":[\"WebPage\",\"MedicalWebPage\"],\"@id\":\"https:\\\/\\\/www.koest.ch\\\/fr\\\/creation-dun-groupe-parlementaire-sur-la-pediatrie\\\/\",\"url\":\"https:\\\/\\\/www.koest.ch\\\/fr\\\/creation-dun-groupe-parlementaire-sur-la-pediatrie\\\/\",\"name\":\"Cr\u00e9ation d'un groupe parlementaire sur la p\u00e9diatrie | K\u00f6hler, St\u00fcdeli &amp; Partner GmbH\",\"isPartOf\":{\"@id\":\"https:\\\/\\\/www.koest.ch\\\/fr\\\/#website\"},\"primaryImageOfPage\":{\"@id\":\"https:\\\/\\\/www.koest.ch\\\/fr\\\/creation-dun-groupe-parlementaire-sur-la-pediatrie\\\/#primaryimage\"},\"image\":{\"@id\":\"https:\\\/\\\/www.koest.ch\\\/fr\\\/creation-dun-groupe-parlementaire-sur-la-pediatrie\\\/#primaryimage\"},\"thumbnailUrl\":\"https:\\\/\\\/www.koest.ch\\\/wp-content\\\/uploads\\\/2018\\\/09\\\/Logo_ParlG_Kinder.png\",\"datePublished\":\"2018-09-24T07:51:25+00:00\",\"breadcrumb\":{\"@id\":\"https:\\\/\\\/www.koest.ch\\\/fr\\\/creation-dun-groupe-parlementaire-sur-la-pediatrie\\\/#breadcrumb\"},\"inLanguage\":\"fr-FR\",\"potentialAction\":[{\"@type\":\"ReadAction\",\"target\":[\"https:\\\/\\\/www.koest.ch\\\/fr\\\/creation-dun-groupe-parlementaire-sur-la-pediatrie\\\/\"]}]},{\"@type\":\"ImageObject\",\"inLanguage\":\"fr-FR\",\"@id\":\"https:\\\/\\\/www.koest.ch\\\/fr\\\/creation-dun-groupe-parlementaire-sur-la-pediatrie\\\/#primaryimage\",\"url\":\"https:\\\/\\\/www.koest.ch\\\/wp-content\\\/uploads\\\/2018\\\/09\\\/Logo_ParlG_Kinder.png\",\"contentUrl\":\"https:\\\/\\\/www.koest.ch\\\/wp-content\\\/uploads\\\/2018\\\/09\\\/Logo_ParlG_Kinder.png\",\"width\":574,\"height\":574},{\"@type\":\"BreadcrumbList\",\"@id\":\"https:\\\/\\\/www.koest.ch\\\/fr\\\/creation-dun-groupe-parlementaire-sur-la-pediatrie\\\/#breadcrumb\",\"itemListElement\":[{\"@type\":\"ListItem\",\"position\":1,\"name\":\"Startseite\",\"item\":\"https:\\\/\\\/www.koest.ch\\\/fr\\\/koehler-stuedeli-partner-gmbh\\\/\"},{\"@type\":\"ListItem\",\"position\":2,\"name\":\"Cr\u00e9ation d&#8217;un groupe parlementaire sur la p\u00e9diatrie\"}]},{\"@type\":\"WebSite\",\"@id\":\"https:\\\/\\\/www.koest.ch\\\/fr\\\/#website\",\"url\":\"https:\\\/\\\/www.koest.ch\\\/fr\\\/\",\"name\":\"K\u00f6hler, St\u00fcdeli & Partner GmbH\",\"description\":\"Politikberatung, Verbands- und Kommunikationsmanagement, Kampagnen\",\"publisher\":{\"@id\":\"https:\\\/\\\/www.koest.ch\\\/fr\\\/#organization\"},\"alternateName\":\"koest.ch\",\"potentialAction\":[{\"@type\":\"SearchAction\",\"target\":{\"@type\":\"EntryPoint\",\"urlTemplate\":\"https:\\\/\\\/www.koest.ch\\\/fr\\\/?s={search_term_string}\"},\"query-input\":{\"@type\":\"PropertyValueSpecification\",\"valueRequired\":true,\"valueName\":\"search_term_string\"}}],\"inLanguage\":\"fr-FR\"},{\"@type\":\"Organization\",\"@id\":\"https:\\\/\\\/www.koest.ch\\\/fr\\\/#organization\",\"name\":\"K\u00f6hler, St\u00fcdeli & Partner GmbH\",\"alternateName\":\"koest.ch\",\"url\":\"https:\\\/\\\/www.koest.ch\\\/fr\\\/\",\"logo\":{\"@type\":\"ImageObject\",\"inLanguage\":\"fr-FR\",\"@id\":\"https:\\\/\\\/www.koest.ch\\\/fr\\\/#\\\/schema\\\/logo\\\/image\\\/\",\"url\":\"https:\\\/\\\/www.koest.ch\\\/wp-content\\\/uploads\\\/2020\\\/01\\\/logo_koehler_stuedeli_partner_gmbh.png\",\"contentUrl\":\"https:\\\/\\\/www.koest.ch\\\/wp-content\\\/uploads\\\/2020\\\/01\\\/logo_koehler_stuedeli_partner_gmbh.png\",\"width\":453,\"height\":220,\"caption\":\"K\u00f6hler, St\u00fcdeli & Partner GmbH\"},\"image\":{\"@id\":\"https:\\\/\\\/www.koest.ch\\\/fr\\\/#\\\/schema\\\/logo\\\/image\\\/\"},\"sameAs\":[\"https:\\\/\\\/www.facebook.com\\\/koehlerstuedeli\\\/\",\"https:\\\/\\\/x.com\\\/walter_stuedeli\",\"https:\\\/\\\/ch.linkedin.com\\\/in\\\/walterstuedeli\"]},{\"@type\":\"Person\",\"@id\":\"https:\\\/\\\/www.koest.ch\\\/fr\\\/#\\\/schema\\\/person\\\/8381125888356833fa526f3cc9dbcdc2\",\"name\":\"Nicolas Kyramarios\",\"image\":{\"@type\":\"ImageObject\",\"inLanguage\":\"fr-FR\",\"@id\":\"https:\\\/\\\/secure.gravatar.com\\\/avatar\\\/192987de55ad6c754fe81a1b12bb5294e54c8a9d93541ae377ebe44b636d888d?s=96&d=mm&r=g\",\"url\":\"https:\\\/\\\/secure.gravatar.com\\\/avatar\\\/192987de55ad6c754fe81a1b12bb5294e54c8a9d93541ae377ebe44b636d888d?s=96&d=mm&r=g\",\"contentUrl\":\"https:\\\/\\\/secure.gravatar.com\\\/avatar\\\/192987de55ad6c754fe81a1b12bb5294e54c8a9d93541ae377ebe44b636d888d?s=96&d=mm&r=g\",\"caption\":\"Nicolas Kyramarios\"}}]}<\/script>\n<!-- \/ Yoast SEO plugin. -->","yoast_head_json":{"title":"Cr\u00e9ation d'un groupe parlementaire sur la p\u00e9diatrie | K\u00f6hler, St\u00fcdeli &amp; Partner GmbH","robots":{"index":"index","follow":"follow","max-snippet":"max-snippet:-1","max-image-preview":"max-image-preview:large","max-video-preview":"max-video-preview:-1"},"canonical":"https:\/\/www.koest.ch\/fr\/creation-dun-groupe-parlementaire-sur-la-pediatrie\/","og_locale":"fr_FR","og_type":"article","og_title":"Cr\u00e9ation d'un groupe parlementaire sur la p\u00e9diatrie | K\u00f6hler, St\u00fcdeli &amp; Partner GmbH","og_description":"Le 24 septembre 2018, le groupe parlementaire de m\u00e9decine de l&rsquo;enfance et de l&rsquo;adolescence a \u00e9t\u00e9 cr\u00e9\u00e9 \u00e0 Berne et b\u00e9n\u00e9ficie d&rsquo;un large soutien politique. [&hellip;]","og_url":"https:\/\/www.koest.ch\/fr\/creation-dun-groupe-parlementaire-sur-la-pediatrie\/","og_site_name":"K\u00f6hler, St\u00fcdeli &amp; Partner GmbH","article_publisher":"https:\/\/www.facebook.com\/koehlerstuedeli\/","article_published_time":"2018-09-24T07:51:25+00:00","og_image":[{"width":574,"height":574,"url":"https:\/\/www.koest.ch\/wp-content\/uploads\/2018\/09\/Logo_ParlG_Kinder.png","type":"image\/png"}],"author":"Nicolas Kyramarios","schema":{"@context":"https:\/\/schema.org","@graph":[{"@type":"Article","@id":"https:\/\/www.koest.ch\/fr\/creation-dun-groupe-parlementaire-sur-la-pediatrie\/#article","isPartOf":{"@id":"https:\/\/www.koest.ch\/fr\/creation-dun-groupe-parlementaire-sur-la-pediatrie\/"},"author":{"name":"Nicolas Kyramarios","@id":"https:\/\/www.koest.ch\/fr\/#\/schema\/person\/8381125888356833fa526f3cc9dbcdc2"},"headline":"Cr\u00e9ation d&rsquo;un groupe parlementaire sur la p\u00e9diatrie","datePublished":"2018-09-24T07:51:25+00:00","mainEntityOfPage":{"@id":"https:\/\/www.koest.ch\/fr\/creation-dun-groupe-parlementaire-sur-la-pediatrie\/"},"wordCount":158,"publisher":{"@id":"https:\/\/www.koest.ch\/fr\/#organization"},"image":{"@id":"https:\/\/www.koest.ch\/fr\/creation-dun-groupe-parlementaire-sur-la-pediatrie\/#primaryimage"},"thumbnailUrl":"https:\/\/www.koest.ch\/wp-content\/uploads\/2018\/09\/Logo_ParlG_Kinder.png","inLanguage":"fr-FR"},{"@type":["WebPage","MedicalWebPage"],"@id":"https:\/\/www.koest.ch\/fr\/creation-dun-groupe-parlementaire-sur-la-pediatrie\/","url":"https:\/\/www.koest.ch\/fr\/creation-dun-groupe-parlementaire-sur-la-pediatrie\/","name":"Cr\u00e9ation d'un groupe parlementaire sur la p\u00e9diatrie | K\u00f6hler, St\u00fcdeli &amp; Partner GmbH","isPartOf":{"@id":"https:\/\/www.koest.ch\/fr\/#website"},"primaryImageOfPage":{"@id":"https:\/\/www.koest.ch\/fr\/creation-dun-groupe-parlementaire-sur-la-pediatrie\/#primaryimage"},"image":{"@id":"https:\/\/www.koest.ch\/fr\/creation-dun-groupe-parlementaire-sur-la-pediatrie\/#primaryimage"},"thumbnailUrl":"https:\/\/www.koest.ch\/wp-content\/uploads\/2018\/09\/Logo_ParlG_Kinder.png","datePublished":"2018-09-24T07:51:25+00:00","breadcrumb":{"@id":"https:\/\/www.koest.ch\/fr\/creation-dun-groupe-parlementaire-sur-la-pediatrie\/#breadcrumb"},"inLanguage":"fr-FR","potentialAction":[{"@type":"ReadAction","target":["https:\/\/www.koest.ch\/fr\/creation-dun-groupe-parlementaire-sur-la-pediatrie\/"]}]},{"@type":"ImageObject","inLanguage":"fr-FR","@id":"https:\/\/www.koest.ch\/fr\/creation-dun-groupe-parlementaire-sur-la-pediatrie\/#primaryimage","url":"https:\/\/www.koest.ch\/wp-content\/uploads\/2018\/09\/Logo_ParlG_Kinder.png","contentUrl":"https:\/\/www.koest.ch\/wp-content\/uploads\/2018\/09\/Logo_ParlG_Kinder.png","width":574,"height":574},{"@type":"BreadcrumbList","@id":"https:\/\/www.koest.ch\/fr\/creation-dun-groupe-parlementaire-sur-la-pediatrie\/#breadcrumb","itemListElement":[{"@type":"ListItem","position":1,"name":"Startseite","item":"https:\/\/www.koest.ch\/fr\/koehler-stuedeli-partner-gmbh\/"},{"@type":"ListItem","position":2,"name":"Cr\u00e9ation d&#8217;un groupe parlementaire sur la p\u00e9diatrie"}]},{"@type":"WebSite","@id":"https:\/\/www.koest.ch\/fr\/#website","url":"https:\/\/www.koest.ch\/fr\/","name":"K\u00f6hler, St\u00fcdeli & Partner GmbH","description":"Politikberatung, Verbands- und Kommunikationsmanagement, Kampagnen","publisher":{"@id":"https:\/\/www.koest.ch\/fr\/#organization"},"alternateName":"koest.ch","potentialAction":[{"@type":"SearchAction","target":{"@type":"EntryPoint","urlTemplate":"https:\/\/www.koest.ch\/fr\/?s={search_term_string}"},"query-input":{"@type":"PropertyValueSpecification","valueRequired":true,"valueName":"search_term_string"}}],"inLanguage":"fr-FR"},{"@type":"Organization","@id":"https:\/\/www.koest.ch\/fr\/#organization","name":"K\u00f6hler, St\u00fcdeli & Partner GmbH","alternateName":"koest.ch","url":"https:\/\/www.koest.ch\/fr\/","logo":{"@type":"ImageObject","inLanguage":"fr-FR","@id":"https:\/\/www.koest.ch\/fr\/#\/schema\/logo\/image\/","url":"https:\/\/www.koest.ch\/wp-content\/uploads\/2020\/01\/logo_koehler_stuedeli_partner_gmbh.png","contentUrl":"https:\/\/www.koest.ch\/wp-content\/uploads\/2020\/01\/logo_koehler_stuedeli_partner_gmbh.png","width":453,"height":220,"caption":"K\u00f6hler, St\u00fcdeli & Partner GmbH"},"image":{"@id":"https:\/\/www.koest.ch\/fr\/#\/schema\/logo\/image\/"},"sameAs":["https:\/\/www.facebook.com\/koehlerstuedeli\/","https:\/\/x.com\/walter_stuedeli","https:\/\/ch.linkedin.com\/in\/walterstuedeli"]},{"@type":"Person","@id":"https:\/\/www.koest.ch\/fr\/#\/schema\/person\/8381125888356833fa526f3cc9dbcdc2","name":"Nicolas Kyramarios","image":{"@type":"ImageObject","inLanguage":"fr-FR","@id":"https:\/\/secure.gravatar.com\/avatar\/192987de55ad6c754fe81a1b12bb5294e54c8a9d93541ae377ebe44b636d888d?s=96&d=mm&r=g","url":"https:\/\/secure.gravatar.com\/avatar\/192987de55ad6c754fe81a1b12bb5294e54c8a9d93541ae377ebe44b636d888d?s=96&d=mm&r=g","contentUrl":"https:\/\/secure.gravatar.com\/avatar\/192987de55ad6c754fe81a1b12bb5294e54c8a9d93541ae377ebe44b636d888d?s=96&d=mm&r=g","caption":"Nicolas Kyramarios"}}]}},"_links":{"self":[{"href":"https:\/\/www.koest.ch\/fr\/wp-json\/wp\/v2\/posts\/4173","targetHints":{"allow":["GET"]}}],"collection":[{"href":"https:\/\/www.koest.ch\/fr\/wp-json\/wp\/v2\/posts"}],"about":[{"href":"https:\/\/www.koest.ch\/fr\/wp-json\/wp\/v2\/types\/post"}],"author":[{"embeddable":true,"href":"https:\/\/www.koest.ch\/fr\/wp-json\/wp\/v2\/users\/1"}],"replies":[{"embeddable":true,"href":"https:\/\/www.koest.ch\/fr\/wp-json\/wp\/v2\/comments?post=4173"}],"version-history":[{"count":0,"href":"https:\/\/www.koest.ch\/fr\/wp-json\/wp\/v2\/posts\/4173\/revisions"}],"wp:featuredmedia":[{"embeddable":true,"href":"https:\/\/www.koest.ch\/fr\/wp-json\/wp\/v2\/media\/3664"}],"wp:attachment":[{"href":"https:\/\/www.koest.ch\/fr\/wp-json\/wp\/v2\/media?parent=4173"}],"wp:term":[{"taxonomy":"category","embeddable":true,"href":"https:\/\/www.koest.ch\/fr\/wp-json\/wp\/v2\/categories?post=4173"},{"taxonomy":"post_tag","embeddable":true,"href":"https:\/\/www.koest.ch\/fr\/wp-json\/wp\/v2\/tags?post=4173"}],"curies":[{"name":"wp","href":"https:\/\/api.w.org\/{rel}","templated":true}]}}