{"id":4227,"date":"2019-01-21T09:46:14","date_gmt":"2019-01-21T08:46:14","guid":{"rendered":"https:\/\/www.koest.ch\/millefolia-newspotal-medecine-complementaire-sur-le-point-detre-lance\/"},"modified":"2019-01-21T09:46:14","modified_gmt":"2019-01-21T08:46:14","slug":"millefolia-newspotal-medecine-complementaire-sur-le-point-detre-lance","status":"publish","type":"post","link":"https:\/\/www.koest.ch\/fr\/millefolia-newspotal-medecine-complementaire-sur-le-point-detre-lance\/","title":{"rendered":"\u00ab\u00a0Millefolia\u00a0\u00bb : Newspotal M\u00e9decine compl\u00e9mentaire sur le point d&rsquo;\u00eatre lanc\u00e9"},"content":{"rendered":"<div id=\"cc-m-11394997393\" class=\"j-module n j-textWithImage \">\n<div>\n<div id=\"cc-m-textwithimage-11394997393\" class=\"cc-m-textwithimage-inline-rte\" data-name=\"text\" data-action=\"text\">\n<p><strong><a title=\"www.millefolia.ch\" href=\"http:\/\/www.millefolia.ch\" target=\"_blank\" rel=\"noopener noreferrer\">\u00ab\u00a0Millefolia\u00a0\u00bb<\/a> est le nom du portail d&rsquo;information sur les m\u00e9decines compl\u00e9mentaires qui vient d&rsquo;\u00eatre lanc\u00e9.  <\/strong><\/p>\n<\/div>\n<\/div>\n<\/div>\n<div id=\"cc-m-11394997793\" class=\"j-module n j-text \">  Le portail d&rsquo;actualit\u00e9s <a title=\"www.millefolia.ch\" href=\"http:\/\/www.millefolia.ch\" target=\"_blank\" rel=\"noopener noreferrer\"><u>\u00ab\u00a0Millefolia\u00a0\u00bb<\/u><\/a> est lanc\u00e9 par l&rsquo;association fa\u00eeti\u00e8re de la m\u00e9decine compl\u00e9mentaire Dakomed et l&rsquo;Association suisse des produits th\u00e9rapeutiques de m\u00e9decine compl\u00e9mentaire ASMP.<br \/>\nLes deux associations ont d\u00e9cid\u00e9 de lancer ce projet parce qu&rsquo;il est de plus en plus difficile d&rsquo;\u00eatre pr\u00e9sent dans les m\u00e9dias avec des sujets de sant\u00e9 positifs.<br \/>\n\u00ab\u00a0Millefolia\u00a0\u00bb rendra compte de mani\u00e8re factuelle, \u00e9quilibr\u00e9e et compl\u00e8te de la diversit\u00e9 des m\u00e9decines compl\u00e9mentaires.<br \/>\nLe concept \u00e9ditorial pr\u00e9voit un journalisme de qualit\u00e9.<br \/>\nAinsi, la parole sera donn\u00e9e non seulement aux partisans, mais aussi aux critiques.<br \/>\n\u00ab\u00a0Millefolia\u00a0\u00bb entend couvrir une large palette de sujets : de l&rsquo;utilisation du cannabis m\u00e9dical aux possibilit\u00e9s d&#8217;emp\u00eacher la prise d&rsquo;antibiotiques en passant par les rem\u00e8des de grand-m\u00e8re qui tombent lentement dans l&rsquo;oubli.       <\/div>\n","protected":false},"excerpt":{"rendered":"<p>\u00ab\u00a0Millefolia\u00a0\u00bb est le nom du portail d&rsquo;information sur les m\u00e9decines compl\u00e9mentaires qui vient d&rsquo;\u00eatre lanc\u00e9. Le portail d&rsquo;actualit\u00e9s \u00ab\u00a0Millefolia\u00a0\u00bb est lanc\u00e9 par l&rsquo;association fa\u00eeti\u00e8re de [&hellip;]<\/p>\n","protected":false},"author":1,"featured_media":3486,"comment_status":"closed","ping_status":"open","sticky":false,"template":"","format":"standard","meta":{"_acf_changed":false,"site-sidebar-layout":"default","site-content-layout":"default","ast-site-content-layout":"default","site-content-style":"default","site-sidebar-style":"default","ast-global-header-display":"","ast-banner-title-visibility":"","ast-main-header-display":"","ast-hfb-above-header-display":"","ast-hfb-below-header-display":"","ast-hfb-mobile-header-display":"","site-post-title":"","ast-breadcrumbs-content":"","ast-featured-img":"","footer-sml-layout":"","ast-disable-related-posts":"","theme-transparent-header-meta":"default","adv-header-id-meta":"","stick-header-meta":"","header-above-stick-meta":"","header-main-stick-meta":"","header-below-stick-meta":"","astra-migrate-meta-layouts":"default","ast-page-background-enabled":"default","ast-page-background-meta":{"desktop":{"background-color":"","background-image":"","background-repeat":"repeat","background-position":"center center","background-size":"auto","background-attachment":"scroll","background-type":"","background-media":"","overlay-type":"","overlay-color":"","overlay-opacity":"","overlay-gradient":""},"tablet":{"background-color":"","background-image":"","background-repeat":"repeat","background-position":"center center","background-size":"auto","background-attachment":"scroll","background-type":"","background-media":"","overlay-type":"","overlay-color":"","overlay-opacity":"","overlay-gradient":""},"mobile":{"background-color":"","background-image":"","background-repeat":"repeat","background-position":"center center","background-size":"auto","background-attachment":"scroll","background-type":"","background-media":"","overlay-type":"","overlay-color":"","overlay-opacity":"","overlay-gradient":""}},"ast-content-background-meta":{"desktop":{"background-color":"var(--ast-global-color-5)","background-image":"","background-repeat":"repeat","background-position":"center center","background-size":"auto","background-attachment":"scroll","background-type":"","background-media":"","overlay-type":"","overlay-color":"","overlay-opacity":"","overlay-gradient":""},"tablet":{"background-color":"var(--ast-global-color-5)","background-image":"","background-repeat":"repeat","background-position":"center center","background-size":"auto","background-attachment":"scroll","background-type":"","background-media":"","overlay-type":"","overlay-color":"","overlay-opacity":"","overlay-gradient":""},"mobile":{"background-color":"var(--ast-global-color-5)","background-image":"","background-repeat":"repeat","background-position":"center center","background-size":"auto","background-attachment":"scroll","background-type":"","background-media":"","overlay-type":"","overlay-color":"","overlay-opacity":"","overlay-gradient":""}},"footnotes":""},"categories":[36],"tags":[],"class_list":["post-4227","post","type-post","status-publish","format-standard","has-post-thumbnail","hentry","category-non-classe"],"acf":[],"yoast_head":"<!-- This site is optimized with the Yoast SEO plugin v27.4 - https:\/\/yoast.com\/product\/yoast-seo-wordpress\/ -->\n<title>&quot;Millefolia&quot; : Newspotal M\u00e9decine compl\u00e9mentaire sur le point d&#039;\u00eatre lanc\u00e9 | K\u00f6hler, St\u00fcdeli &amp; Partner GmbH<\/title>\n<meta name=\"robots\" content=\"index, follow, max-snippet:-1, max-image-preview:large, max-video-preview:-1\" \/>\n<link rel=\"canonical\" href=\"https:\/\/www.koest.ch\/fr\/millefolia-newspotal-medecine-complementaire-sur-le-point-detre-lance\/\" \/>\n<meta property=\"og:locale\" content=\"fr_FR\" \/>\n<meta property=\"og:type\" content=\"article\" \/>\n<meta property=\"og:title\" content=\"&quot;Millefolia&quot; : Newspotal M\u00e9decine compl\u00e9mentaire sur le point d&#039;\u00eatre lanc\u00e9 | K\u00f6hler, St\u00fcdeli &amp; Partner GmbH\" \/>\n<meta property=\"og:description\" content=\"\u00ab\u00a0Millefolia\u00a0\u00bb est le nom du portail d&rsquo;information sur les m\u00e9decines compl\u00e9mentaires qui vient d&rsquo;\u00eatre lanc\u00e9. Le portail d&rsquo;actualit\u00e9s \u00ab\u00a0Millefolia\u00a0\u00bb est lanc\u00e9 par l&rsquo;association fa\u00eeti\u00e8re de [&hellip;]\" \/>\n<meta property=\"og:url\" content=\"https:\/\/www.koest.ch\/fr\/millefolia-newspotal-medecine-complementaire-sur-le-point-detre-lance\/\" \/>\n<meta property=\"og:site_name\" content=\"K\u00f6hler, St\u00fcdeli &amp; Partner GmbH\" \/>\n<meta property=\"article:publisher\" content=\"https:\/\/www.facebook.com\/koehlerstuedeli\/\" \/>\n<meta property=\"article:published_time\" content=\"2019-01-21T08:46:14+00:00\" \/>\n<meta property=\"og:image\" content=\"https:\/\/www.koest.ch\/wp-content\/uploads\/2019\/12\/aktuelles_19_01_21.png\" \/>\n\t<meta property=\"og:image:width\" content=\"327\" \/>\n\t<meta property=\"og:image:height\" content=\"103\" \/>\n\t<meta property=\"og:image:type\" content=\"image\/png\" \/>\n<meta name=\"author\" content=\"Nicolas Kyramarios\" \/>\n<script type=\"application\/ld+json\" class=\"yoast-schema-graph\">{\"@context\":\"https:\\\/\\\/schema.org\",\"@graph\":[{\"@type\":\"Article\",\"@id\":\"https:\\\/\\\/www.koest.ch\\\/fr\\\/millefolia-newspotal-medecine-complementaire-sur-le-point-detre-lance\\\/#article\",\"isPartOf\":{\"@id\":\"https:\\\/\\\/www.koest.ch\\\/fr\\\/millefolia-newspotal-medecine-complementaire-sur-le-point-detre-lance\\\/\"},\"author\":{\"name\":\"Nicolas Kyramarios\",\"@id\":\"https:\\\/\\\/www.koest.ch\\\/fr\\\/#\\\/schema\\\/person\\\/8381125888356833fa526f3cc9dbcdc2\"},\"headline\":\"\u00ab\u00a0Millefolia\u00a0\u00bb : Newspotal M\u00e9decine compl\u00e9mentaire sur le point d&rsquo;\u00eatre lanc\u00e9\",\"datePublished\":\"2019-01-21T08:46:14+00:00\",\"mainEntityOfPage\":{\"@id\":\"https:\\\/\\\/www.koest.ch\\\/fr\\\/millefolia-newspotal-medecine-complementaire-sur-le-point-detre-lance\\\/\"},\"wordCount\":182,\"publisher\":{\"@id\":\"https:\\\/\\\/www.koest.ch\\\/fr\\\/#organization\"},\"image\":{\"@id\":\"https:\\\/\\\/www.koest.ch\\\/fr\\\/millefolia-newspotal-medecine-complementaire-sur-le-point-detre-lance\\\/#primaryimage\"},\"thumbnailUrl\":\"https:\\\/\\\/www.koest.ch\\\/wp-content\\\/uploads\\\/2019\\\/12\\\/aktuelles_19_01_21.png\",\"inLanguage\":\"fr-FR\"},{\"@type\":[\"WebPage\",\"MedicalWebPage\"],\"@id\":\"https:\\\/\\\/www.koest.ch\\\/fr\\\/millefolia-newspotal-medecine-complementaire-sur-le-point-detre-lance\\\/\",\"url\":\"https:\\\/\\\/www.koest.ch\\\/fr\\\/millefolia-newspotal-medecine-complementaire-sur-le-point-detre-lance\\\/\",\"name\":\"\\\"Millefolia\\\" : Newspotal M\u00e9decine compl\u00e9mentaire sur le point d'\u00eatre lanc\u00e9 | K\u00f6hler, St\u00fcdeli &amp; Partner GmbH\",\"isPartOf\":{\"@id\":\"https:\\\/\\\/www.koest.ch\\\/fr\\\/#website\"},\"primaryImageOfPage\":{\"@id\":\"https:\\\/\\\/www.koest.ch\\\/fr\\\/millefolia-newspotal-medecine-complementaire-sur-le-point-detre-lance\\\/#primaryimage\"},\"image\":{\"@id\":\"https:\\\/\\\/www.koest.ch\\\/fr\\\/millefolia-newspotal-medecine-complementaire-sur-le-point-detre-lance\\\/#primaryimage\"},\"thumbnailUrl\":\"https:\\\/\\\/www.koest.ch\\\/wp-content\\\/uploads\\\/2019\\\/12\\\/aktuelles_19_01_21.png\",\"datePublished\":\"2019-01-21T08:46:14+00:00\",\"breadcrumb\":{\"@id\":\"https:\\\/\\\/www.koest.ch\\\/fr\\\/millefolia-newspotal-medecine-complementaire-sur-le-point-detre-lance\\\/#breadcrumb\"},\"inLanguage\":\"fr-FR\",\"potentialAction\":[{\"@type\":\"ReadAction\",\"target\":[\"https:\\\/\\\/www.koest.ch\\\/fr\\\/millefolia-newspotal-medecine-complementaire-sur-le-point-detre-lance\\\/\"]}]},{\"@type\":\"ImageObject\",\"inLanguage\":\"fr-FR\",\"@id\":\"https:\\\/\\\/www.koest.ch\\\/fr\\\/millefolia-newspotal-medecine-complementaire-sur-le-point-detre-lance\\\/#primaryimage\",\"url\":\"https:\\\/\\\/www.koest.ch\\\/wp-content\\\/uploads\\\/2019\\\/12\\\/aktuelles_19_01_21.png\",\"contentUrl\":\"https:\\\/\\\/www.koest.ch\\\/wp-content\\\/uploads\\\/2019\\\/12\\\/aktuelles_19_01_21.png\",\"width\":327,\"height\":103},{\"@type\":\"BreadcrumbList\",\"@id\":\"https:\\\/\\\/www.koest.ch\\\/fr\\\/millefolia-newspotal-medecine-complementaire-sur-le-point-detre-lance\\\/#breadcrumb\",\"itemListElement\":[{\"@type\":\"ListItem\",\"position\":1,\"name\":\"Startseite\",\"item\":\"https:\\\/\\\/www.koest.ch\\\/fr\\\/koehler-stuedeli-partner-gmbh\\\/\"},{\"@type\":\"ListItem\",\"position\":2,\"name\":\"&#8222;Millefolia&#8220; : Newspotal M\u00e9decine compl\u00e9mentaire sur le point d&#8217;\u00eatre lanc\u00e9\"}]},{\"@type\":\"WebSite\",\"@id\":\"https:\\\/\\\/www.koest.ch\\\/fr\\\/#website\",\"url\":\"https:\\\/\\\/www.koest.ch\\\/fr\\\/\",\"name\":\"K\u00f6hler, St\u00fcdeli & Partner GmbH\",\"description\":\"Politikberatung, Verbands- und Kommunikationsmanagement, Kampagnen\",\"publisher\":{\"@id\":\"https:\\\/\\\/www.koest.ch\\\/fr\\\/#organization\"},\"alternateName\":\"koest.ch\",\"potentialAction\":[{\"@type\":\"SearchAction\",\"target\":{\"@type\":\"EntryPoint\",\"urlTemplate\":\"https:\\\/\\\/www.koest.ch\\\/fr\\\/?s={search_term_string}\"},\"query-input\":{\"@type\":\"PropertyValueSpecification\",\"valueRequired\":true,\"valueName\":\"search_term_string\"}}],\"inLanguage\":\"fr-FR\"},{\"@type\":\"Organization\",\"@id\":\"https:\\\/\\\/www.koest.ch\\\/fr\\\/#organization\",\"name\":\"K\u00f6hler, St\u00fcdeli & Partner GmbH\",\"alternateName\":\"koest.ch\",\"url\":\"https:\\\/\\\/www.koest.ch\\\/fr\\\/\",\"logo\":{\"@type\":\"ImageObject\",\"inLanguage\":\"fr-FR\",\"@id\":\"https:\\\/\\\/www.koest.ch\\\/fr\\\/#\\\/schema\\\/logo\\\/image\\\/\",\"url\":\"https:\\\/\\\/www.koest.ch\\\/wp-content\\\/uploads\\\/2020\\\/01\\\/logo_koehler_stuedeli_partner_gmbh.png\",\"contentUrl\":\"https:\\\/\\\/www.koest.ch\\\/wp-content\\\/uploads\\\/2020\\\/01\\\/logo_koehler_stuedeli_partner_gmbh.png\",\"width\":453,\"height\":220,\"caption\":\"K\u00f6hler, St\u00fcdeli & Partner GmbH\"},\"image\":{\"@id\":\"https:\\\/\\\/www.koest.ch\\\/fr\\\/#\\\/schema\\\/logo\\\/image\\\/\"},\"sameAs\":[\"https:\\\/\\\/www.facebook.com\\\/koehlerstuedeli\\\/\",\"https:\\\/\\\/x.com\\\/walter_stuedeli\",\"https:\\\/\\\/ch.linkedin.com\\\/in\\\/walterstuedeli\"]},{\"@type\":\"Person\",\"@id\":\"https:\\\/\\\/www.koest.ch\\\/fr\\\/#\\\/schema\\\/person\\\/8381125888356833fa526f3cc9dbcdc2\",\"name\":\"Nicolas Kyramarios\",\"image\":{\"@type\":\"ImageObject\",\"inLanguage\":\"fr-FR\",\"@id\":\"https:\\\/\\\/secure.gravatar.com\\\/avatar\\\/192987de55ad6c754fe81a1b12bb5294e54c8a9d93541ae377ebe44b636d888d?s=96&d=mm&r=g\",\"url\":\"https:\\\/\\\/secure.gravatar.com\\\/avatar\\\/192987de55ad6c754fe81a1b12bb5294e54c8a9d93541ae377ebe44b636d888d?s=96&d=mm&r=g\",\"contentUrl\":\"https:\\\/\\\/secure.gravatar.com\\\/avatar\\\/192987de55ad6c754fe81a1b12bb5294e54c8a9d93541ae377ebe44b636d888d?s=96&d=mm&r=g\",\"caption\":\"Nicolas Kyramarios\"}}]}<\/script>\n<!-- \/ Yoast SEO plugin. -->","yoast_head_json":{"title":"\"Millefolia\" : Newspotal M\u00e9decine compl\u00e9mentaire sur le point d'\u00eatre lanc\u00e9 | K\u00f6hler, St\u00fcdeli &amp; Partner GmbH","robots":{"index":"index","follow":"follow","max-snippet":"max-snippet:-1","max-image-preview":"max-image-preview:large","max-video-preview":"max-video-preview:-1"},"canonical":"https:\/\/www.koest.ch\/fr\/millefolia-newspotal-medecine-complementaire-sur-le-point-detre-lance\/","og_locale":"fr_FR","og_type":"article","og_title":"\"Millefolia\" : Newspotal M\u00e9decine compl\u00e9mentaire sur le point d'\u00eatre lanc\u00e9 | K\u00f6hler, St\u00fcdeli &amp; Partner GmbH","og_description":"\u00ab\u00a0Millefolia\u00a0\u00bb est le nom du portail d&rsquo;information sur les m\u00e9decines compl\u00e9mentaires qui vient d&rsquo;\u00eatre lanc\u00e9. Le portail d&rsquo;actualit\u00e9s \u00ab\u00a0Millefolia\u00a0\u00bb est lanc\u00e9 par l&rsquo;association fa\u00eeti\u00e8re de [&hellip;]","og_url":"https:\/\/www.koest.ch\/fr\/millefolia-newspotal-medecine-complementaire-sur-le-point-detre-lance\/","og_site_name":"K\u00f6hler, St\u00fcdeli &amp; Partner GmbH","article_publisher":"https:\/\/www.facebook.com\/koehlerstuedeli\/","article_published_time":"2019-01-21T08:46:14+00:00","og_image":[{"width":327,"height":103,"url":"https:\/\/www.koest.ch\/wp-content\/uploads\/2019\/12\/aktuelles_19_01_21.png","type":"image\/png"}],"author":"Nicolas Kyramarios","schema":{"@context":"https:\/\/schema.org","@graph":[{"@type":"Article","@id":"https:\/\/www.koest.ch\/fr\/millefolia-newspotal-medecine-complementaire-sur-le-point-detre-lance\/#article","isPartOf":{"@id":"https:\/\/www.koest.ch\/fr\/millefolia-newspotal-medecine-complementaire-sur-le-point-detre-lance\/"},"author":{"name":"Nicolas Kyramarios","@id":"https:\/\/www.koest.ch\/fr\/#\/schema\/person\/8381125888356833fa526f3cc9dbcdc2"},"headline":"\u00ab\u00a0Millefolia\u00a0\u00bb : Newspotal M\u00e9decine compl\u00e9mentaire sur le point d&rsquo;\u00eatre lanc\u00e9","datePublished":"2019-01-21T08:46:14+00:00","mainEntityOfPage":{"@id":"https:\/\/www.koest.ch\/fr\/millefolia-newspotal-medecine-complementaire-sur-le-point-detre-lance\/"},"wordCount":182,"publisher":{"@id":"https:\/\/www.koest.ch\/fr\/#organization"},"image":{"@id":"https:\/\/www.koest.ch\/fr\/millefolia-newspotal-medecine-complementaire-sur-le-point-detre-lance\/#primaryimage"},"thumbnailUrl":"https:\/\/www.koest.ch\/wp-content\/uploads\/2019\/12\/aktuelles_19_01_21.png","inLanguage":"fr-FR"},{"@type":["WebPage","MedicalWebPage"],"@id":"https:\/\/www.koest.ch\/fr\/millefolia-newspotal-medecine-complementaire-sur-le-point-detre-lance\/","url":"https:\/\/www.koest.ch\/fr\/millefolia-newspotal-medecine-complementaire-sur-le-point-detre-lance\/","name":"\"Millefolia\" : Newspotal M\u00e9decine compl\u00e9mentaire sur le point d'\u00eatre lanc\u00e9 | K\u00f6hler, St\u00fcdeli &amp; Partner GmbH","isPartOf":{"@id":"https:\/\/www.koest.ch\/fr\/#website"},"primaryImageOfPage":{"@id":"https:\/\/www.koest.ch\/fr\/millefolia-newspotal-medecine-complementaire-sur-le-point-detre-lance\/#primaryimage"},"image":{"@id":"https:\/\/www.koest.ch\/fr\/millefolia-newspotal-medecine-complementaire-sur-le-point-detre-lance\/#primaryimage"},"thumbnailUrl":"https:\/\/www.koest.ch\/wp-content\/uploads\/2019\/12\/aktuelles_19_01_21.png","datePublished":"2019-01-21T08:46:14+00:00","breadcrumb":{"@id":"https:\/\/www.koest.ch\/fr\/millefolia-newspotal-medecine-complementaire-sur-le-point-detre-lance\/#breadcrumb"},"inLanguage":"fr-FR","potentialAction":[{"@type":"ReadAction","target":["https:\/\/www.koest.ch\/fr\/millefolia-newspotal-medecine-complementaire-sur-le-point-detre-lance\/"]}]},{"@type":"ImageObject","inLanguage":"fr-FR","@id":"https:\/\/www.koest.ch\/fr\/millefolia-newspotal-medecine-complementaire-sur-le-point-detre-lance\/#primaryimage","url":"https:\/\/www.koest.ch\/wp-content\/uploads\/2019\/12\/aktuelles_19_01_21.png","contentUrl":"https:\/\/www.koest.ch\/wp-content\/uploads\/2019\/12\/aktuelles_19_01_21.png","width":327,"height":103},{"@type":"BreadcrumbList","@id":"https:\/\/www.koest.ch\/fr\/millefolia-newspotal-medecine-complementaire-sur-le-point-detre-lance\/#breadcrumb","itemListElement":[{"@type":"ListItem","position":1,"name":"Startseite","item":"https:\/\/www.koest.ch\/fr\/koehler-stuedeli-partner-gmbh\/"},{"@type":"ListItem","position":2,"name":"&#8222;Millefolia&#8220; : Newspotal M\u00e9decine compl\u00e9mentaire sur le point d&#8217;\u00eatre lanc\u00e9"}]},{"@type":"WebSite","@id":"https:\/\/www.koest.ch\/fr\/#website","url":"https:\/\/www.koest.ch\/fr\/","name":"K\u00f6hler, St\u00fcdeli & Partner GmbH","description":"Politikberatung, Verbands- und Kommunikationsmanagement, Kampagnen","publisher":{"@id":"https:\/\/www.koest.ch\/fr\/#organization"},"alternateName":"koest.ch","potentialAction":[{"@type":"SearchAction","target":{"@type":"EntryPoint","urlTemplate":"https:\/\/www.koest.ch\/fr\/?s={search_term_string}"},"query-input":{"@type":"PropertyValueSpecification","valueRequired":true,"valueName":"search_term_string"}}],"inLanguage":"fr-FR"},{"@type":"Organization","@id":"https:\/\/www.koest.ch\/fr\/#organization","name":"K\u00f6hler, St\u00fcdeli & Partner GmbH","alternateName":"koest.ch","url":"https:\/\/www.koest.ch\/fr\/","logo":{"@type":"ImageObject","inLanguage":"fr-FR","@id":"https:\/\/www.koest.ch\/fr\/#\/schema\/logo\/image\/","url":"https:\/\/www.koest.ch\/wp-content\/uploads\/2020\/01\/logo_koehler_stuedeli_partner_gmbh.png","contentUrl":"https:\/\/www.koest.ch\/wp-content\/uploads\/2020\/01\/logo_koehler_stuedeli_partner_gmbh.png","width":453,"height":220,"caption":"K\u00f6hler, St\u00fcdeli & Partner GmbH"},"image":{"@id":"https:\/\/www.koest.ch\/fr\/#\/schema\/logo\/image\/"},"sameAs":["https:\/\/www.facebook.com\/koehlerstuedeli\/","https:\/\/x.com\/walter_stuedeli","https:\/\/ch.linkedin.com\/in\/walterstuedeli"]},{"@type":"Person","@id":"https:\/\/www.koest.ch\/fr\/#\/schema\/person\/8381125888356833fa526f3cc9dbcdc2","name":"Nicolas Kyramarios","image":{"@type":"ImageObject","inLanguage":"fr-FR","@id":"https:\/\/secure.gravatar.com\/avatar\/192987de55ad6c754fe81a1b12bb5294e54c8a9d93541ae377ebe44b636d888d?s=96&d=mm&r=g","url":"https:\/\/secure.gravatar.com\/avatar\/192987de55ad6c754fe81a1b12bb5294e54c8a9d93541ae377ebe44b636d888d?s=96&d=mm&r=g","contentUrl":"https:\/\/secure.gravatar.com\/avatar\/192987de55ad6c754fe81a1b12bb5294e54c8a9d93541ae377ebe44b636d888d?s=96&d=mm&r=g","caption":"Nicolas Kyramarios"}}]}},"_links":{"self":[{"href":"https:\/\/www.koest.ch\/fr\/wp-json\/wp\/v2\/posts\/4227","targetHints":{"allow":["GET"]}}],"collection":[{"href":"https:\/\/www.koest.ch\/fr\/wp-json\/wp\/v2\/posts"}],"about":[{"href":"https:\/\/www.koest.ch\/fr\/wp-json\/wp\/v2\/types\/post"}],"author":[{"embeddable":true,"href":"https:\/\/www.koest.ch\/fr\/wp-json\/wp\/v2\/users\/1"}],"replies":[{"embeddable":true,"href":"https:\/\/www.koest.ch\/fr\/wp-json\/wp\/v2\/comments?post=4227"}],"version-history":[{"count":0,"href":"https:\/\/www.koest.ch\/fr\/wp-json\/wp\/v2\/posts\/4227\/revisions"}],"wp:featuredmedia":[{"embeddable":true,"href":"https:\/\/www.koest.ch\/fr\/wp-json\/wp\/v2\/media\/3486"}],"wp:attachment":[{"href":"https:\/\/www.koest.ch\/fr\/wp-json\/wp\/v2\/media?parent=4227"}],"wp:term":[{"taxonomy":"category","embeddable":true,"href":"https:\/\/www.koest.ch\/fr\/wp-json\/wp\/v2\/categories?post=4227"},{"taxonomy":"post_tag","embeddable":true,"href":"https:\/\/www.koest.ch\/fr\/wp-json\/wp\/v2\/tags?post=4227"}],"curies":[{"name":"wp","href":"https:\/\/api.w.org\/{rel}","templated":true}]}}