{"id":4245,"date":"2014-09-29T13:33:31","date_gmt":"2014-09-29T11:33:31","guid":{"rendered":"https:\/\/www.koest.ch\/linitiative-sur-la-restauration-massivement-rejetee-quelques-reflexions-du-point-de-vue-du-directeur-de-campagne\/"},"modified":"2014-09-29T13:33:31","modified_gmt":"2014-09-29T11:33:31","slug":"linitiative-sur-la-restauration-massivement-rejetee-quelques-reflexions-du-point-de-vue-du-directeur-de-campagne","status":"publish","type":"post","link":"https:\/\/www.koest.ch\/fr\/linitiative-sur-la-restauration-massivement-rejetee-quelques-reflexions-du-point-de-vue-du-directeur-de-campagne\/","title":{"rendered":"L&rsquo;initiative sur la restauration massivement rejet\u00e9e !\nQuelques r\u00e9flexions du point de vue du directeur de campagne."},"content":{"rendered":"<div id=\"cc-m-9802010893\" class=\"j-module n j-textWithImage \">\n<div>\n<div id=\"cc-m-textwithimage-9802010893\" class=\"cc-m-textwithimage-inline-rte\" data-name=\"text\" data-action=\"text\">  Gastrosuisse manquait d&rsquo;un concept clair.<br \/>\nLes restaurateurs semblaient impuissants.<br \/>\nPendant la campagne, ils ont cr\u00e9\u00e9 \u00e0 plusieurs reprises de nouvelles id\u00e9es de mise en \u0153uvre, mais celles-ci n&rsquo;ont fait que semer l&rsquo;incertitude.<br \/>\nLes membres du Conseil n&rsquo;ont pas non plus apport\u00e9 beaucoup de soutien aux restaurateurs.<br \/>\nClaude Longchamp, du GfS, nous a appris un point avec certitude : celui qui rejette une partie d&rsquo;un projet de loi d\u00e9pose un \u00ab\u00a0non\u00a0\u00bb.<br \/>\nOn pouvait donc s&rsquo;attendre \u00e0 un rejet.<br \/>\nLongchamp nous a irrit\u00e9s avec ses analyses de tendances de la SRF.<br \/>\nL'\u00a0\u00bbh\u00e9sitation sur l&rsquo;initiative TVA\u00a0\u00bb, comme l&rsquo;a qualifi\u00e9e le GfS dans son titre du 17 septembre 2014, n&rsquo;existait sans doute que chez les augures.<br \/>\nLe GfS s&rsquo;est tromp\u00e9 de 12% sur le pourcentage de oui.<br \/>\nUne fois de plus, on peut se demander quelle est l&rsquo;utilit\u00e9 de tels sondages.           <\/div>\n<\/div>\n<\/div>\n<div id=\"cc-m-9908698593\" class=\"j-module n j-text \">  Il semble que la population ait voulu cimenter le statu quo avec le \u00ab\u00a0non\u00a0\u00bb \u00e0 la restauration.<br \/>\nMais s&rsquo;agissait-il d&rsquo;un vote en faveur du faible taux de TVA sur les produits alimentaires, contre le traitement fiscal sp\u00e9cial des restaurateurs ou d&rsquo;une combinaison des deux ?<br \/>\nNous ne pouvons pas encore r\u00e9pondre \u00e0 cette question de mani\u00e8re concluante.<br \/>\nSelon moi, les consid\u00e9rations suivantes semblent logiques : La grande majorit\u00e9 des clients des restaurants a dit non (Gastrosuisse parle de plus de deux millions de clients par jour).<br \/>\nLa campagne de Gastrosuisse n&rsquo;a donc pas fonctionn\u00e9, ni \u00e0 la campagne ni en ville.<br \/>\nEt l&rsquo;UDC, qui a \u00e9t\u00e9 le seul parti \u00e0 voter oui, n&rsquo;a pas r\u00e9ussi \u00e0 obtenir des voix en faveur du oui au-del\u00e0 de son potentiel \u00e9lectoral.<br \/>\nLa question a \u00e9t\u00e9 soulev\u00e9e \u00e0 plusieurs reprises de savoir si l&rsquo;initiative sur la restauration ouvrait la porte \u00e0 un taux de TVA unique.<br \/>\nL&rsquo;UDC, le PDC et le PS ont clairement rejet\u00e9 cette id\u00e9e lors de la ronde des \u00e9l\u00e9phants sur la SRF : le taux unique de TVA est mort, ont d\u00e9clar\u00e9 les repr\u00e9sentants \u00e0 l&rsquo;unisson.<br \/>\nLe \u00ab\u00a0non\u00a0\u00bb de la restauration est un verdict clair en faveur d&rsquo;un taux de TVA bas pour les produits alimentaires.<br \/>\nLe PLR ne partage pas cet avis.<br \/>\nAu contraire, le pr\u00e9sident M\u00fcller a annonc\u00e9 qu&rsquo;il lancerait une initiative populaire pour un taux unique si des moyens \u00e9taient trouv\u00e9s.<br \/>\nApparemment, l&rsquo;Union suisse des arts et m\u00e9tiers USAM-USAM veut soutenir l&rsquo;initiative sur le taux unique.<br \/>\nJe doute que la base de l&rsquo;USAM soutienne cette d\u00e9cision.<br \/>\nA-t-on demand\u00e9 l&rsquo;avis des boulangers, des bouchers et des droguistes qui s&rsquo;\u00e9taient prononc\u00e9s contre l&rsquo;initiative sur la restauration ?<br \/>\nL&rsquo;id\u00e9e d&rsquo;exon\u00e9rer totalement de la TVA une s\u00e9lection de produits alimentaires de base et de m\u00e9dicaments pourrait offrir une issue et un compromis.<br \/>\nMais cela ne r\u00e9soudrait pas le probl\u00e8me de la d\u00e9limitation.<br \/>\nC&rsquo;est un lieu commun de dire que les initiatives ont un impact politique, m\u00eame si elles sont rejet\u00e9es.<br \/>\nL&rsquo;initiative pour une caisse unique a laiss\u00e9 des traces : avant son rejet, le Parlement a affin\u00e9 la compensation des risques et adopt\u00e9 une loi sur la surveillance des caisses-maladie.<br \/>\nOn peut se demander quel a \u00e9t\u00e9 l&rsquo;impact de l&rsquo;initiative sur la restauration.<br \/>\nA part les frais, rien n&rsquo;a \u00e9t\u00e9 fait, serait-on tent\u00e9 de dire ?<br \/>\nIl est m\u00eame possible que le vote ait nui \u00e0 la r\u00e9putation des restaurateurs.<br \/>\nParfois, il serait pr\u00e9f\u00e9rable de se retirer plut\u00f4t que de subir un verdict aussi clair du peuple et des cantons.<br \/>\nMais une telle d\u00e9cision est difficilement communicable \u00e0 la base.<br \/>\nD&rsquo;autant plus que le projet est soumis au peuple parce qu&rsquo;il n&rsquo;y a pas eu de contre-projet au Parlement.                         <\/div>\n","protected":false},"excerpt":{"rendered":"<p>Gastrosuisse manquait d&rsquo;un concept clair. Les restaurateurs semblaient impuissants. Pendant la campagne, ils ont cr\u00e9\u00e9 \u00e0 plusieurs reprises de nouvelles id\u00e9es de mise en \u0153uvre, [&hellip;]<\/p>\n","protected":false},"author":1,"featured_media":0,"comment_status":"closed","ping_status":"open","sticky":false,"template":"","format":"standard","meta":{"_acf_changed":false,"site-sidebar-layout":"default","site-content-layout":"default","ast-site-content-layout":"default","site-content-style":"default","site-sidebar-style":"default","ast-global-header-display":"","ast-banner-title-visibility":"","ast-main-header-display":"","ast-hfb-above-header-display":"","ast-hfb-below-header-display":"","ast-hfb-mobile-header-display":"","site-post-title":"","ast-breadcrumbs-content":"","ast-featured-img":"","footer-sml-layout":"","ast-disable-related-posts":"","theme-transparent-header-meta":"default","adv-header-id-meta":"","stick-header-meta":"","header-above-stick-meta":"","header-main-stick-meta":"","header-below-stick-meta":"","astra-migrate-meta-layouts":"default","ast-page-background-enabled":"default","ast-page-background-meta":{"desktop":{"background-color":"","background-image":"","background-repeat":"repeat","background-position":"center center","background-size":"auto","background-attachment":"scroll","background-type":"","background-media":"","overlay-type":"","overlay-color":"","overlay-opacity":"","overlay-gradient":""},"tablet":{"background-color":"","background-image":"","background-repeat":"repeat","background-position":"center center","background-size":"auto","background-attachment":"scroll","background-type":"","background-media":"","overlay-type":"","overlay-color":"","overlay-opacity":"","overlay-gradient":""},"mobile":{"background-color":"","background-image":"","background-repeat":"repeat","background-position":"center center","background-size":"auto","background-attachment":"scroll","background-type":"","background-media":"","overlay-type":"","overlay-color":"","overlay-opacity":"","overlay-gradient":""}},"ast-content-background-meta":{"desktop":{"background-color":"var(--ast-global-color-5)","background-image":"","background-repeat":"repeat","background-position":"center center","background-size":"auto","background-attachment":"scroll","background-type":"","background-media":"","overlay-type":"","overlay-color":"","overlay-opacity":"","overlay-gradient":""},"tablet":{"background-color":"var(--ast-global-color-5)","background-image":"","background-repeat":"repeat","background-position":"center center","background-size":"auto","background-attachment":"scroll","background-type":"","background-media":"","overlay-type":"","overlay-color":"","overlay-opacity":"","overlay-gradient":""},"mobile":{"background-color":"var(--ast-global-color-5)","background-image":"","background-repeat":"repeat","background-position":"center center","background-size":"auto","background-attachment":"scroll","background-type":"","background-media":"","overlay-type":"","overlay-color":"","overlay-opacity":"","overlay-gradient":""}},"footnotes":""},"categories":[36],"tags":[],"class_list":["post-4245","post","type-post","status-publish","format-standard","hentry","category-non-classe"],"acf":[],"yoast_head":"<!-- This site is optimized with the Yoast SEO plugin v27.5 - https:\/\/yoast.com\/product\/yoast-seo-wordpress\/ -->\n<title>L&#039;initiative sur la restauration massivement rejet\u00e9e ! Quelques r\u00e9flexions du point de vue du directeur de campagne. | K\u00f6hler, St\u00fcdeli &amp; Partner GmbH<\/title>\n<meta name=\"robots\" content=\"index, follow, max-snippet:-1, max-image-preview:large, max-video-preview:-1\" \/>\n<link rel=\"canonical\" href=\"https:\/\/www.koest.ch\/fr\/linitiative-sur-la-restauration-massivement-rejetee-quelques-reflexions-du-point-de-vue-du-directeur-de-campagne\/\" \/>\n<meta property=\"og:locale\" content=\"fr_FR\" \/>\n<meta property=\"og:type\" content=\"article\" \/>\n<meta property=\"og:title\" content=\"L&#039;initiative sur la restauration massivement rejet\u00e9e ! Quelques r\u00e9flexions du point de vue du directeur de campagne. | K\u00f6hler, St\u00fcdeli &amp; Partner GmbH\" \/>\n<meta property=\"og:description\" content=\"Gastrosuisse manquait d&rsquo;un concept clair. Les restaurateurs semblaient impuissants. Pendant la campagne, ils ont cr\u00e9\u00e9 \u00e0 plusieurs reprises de nouvelles id\u00e9es de mise en \u0153uvre, [&hellip;]\" \/>\n<meta property=\"og:url\" content=\"https:\/\/www.koest.ch\/fr\/linitiative-sur-la-restauration-massivement-rejetee-quelques-reflexions-du-point-de-vue-du-directeur-de-campagne\/\" \/>\n<meta property=\"og:site_name\" content=\"K\u00f6hler, St\u00fcdeli &amp; Partner GmbH\" \/>\n<meta property=\"article:publisher\" content=\"https:\/\/www.facebook.com\/koehlerstuedeli\/\" \/>\n<meta property=\"article:published_time\" content=\"2014-09-29T11:33:31+00:00\" \/>\n<meta property=\"og:image\" content=\"https:\/\/www.koest.ch\/wp-content\/uploads\/2019\/12\/header_stuedeli_koehler_03.jpg\" \/>\n\t<meta property=\"og:image:width\" content=\"2100\" \/>\n\t<meta property=\"og:image:height\" content=\"1400\" \/>\n\t<meta property=\"og:image:type\" content=\"image\/jpeg\" \/>\n<meta name=\"author\" content=\"Nicolas Kyramarios\" \/>\n<script type=\"application\/ld+json\" class=\"yoast-schema-graph\">{\"@context\":\"https:\\\/\\\/schema.org\",\"@graph\":[{\"@type\":\"Article\",\"@id\":\"https:\\\/\\\/www.koest.ch\\\/fr\\\/linitiative-sur-la-restauration-massivement-rejetee-quelques-reflexions-du-point-de-vue-du-directeur-de-campagne\\\/#article\",\"isPartOf\":{\"@id\":\"https:\\\/\\\/www.koest.ch\\\/fr\\\/linitiative-sur-la-restauration-massivement-rejetee-quelques-reflexions-du-point-de-vue-du-directeur-de-campagne\\\/\"},\"author\":{\"name\":\"Nicolas Kyramarios\",\"@id\":\"https:\\\/\\\/www.koest.ch\\\/fr\\\/#\\\/schema\\\/person\\\/8381125888356833fa526f3cc9dbcdc2\"},\"headline\":\"L&rsquo;initiative sur la restauration massivement rejet\u00e9e ! Quelques r\u00e9flexions du point de vue du directeur de campagne.\",\"datePublished\":\"2014-09-29T11:33:31+00:00\",\"mainEntityOfPage\":{\"@id\":\"https:\\\/\\\/www.koest.ch\\\/fr\\\/linitiative-sur-la-restauration-massivement-rejetee-quelques-reflexions-du-point-de-vue-du-directeur-de-campagne\\\/\"},\"wordCount\":657,\"publisher\":{\"@id\":\"https:\\\/\\\/www.koest.ch\\\/fr\\\/#organization\"},\"inLanguage\":\"fr-FR\"},{\"@type\":[\"WebPage\",\"MedicalWebPage\"],\"@id\":\"https:\\\/\\\/www.koest.ch\\\/fr\\\/linitiative-sur-la-restauration-massivement-rejetee-quelques-reflexions-du-point-de-vue-du-directeur-de-campagne\\\/\",\"url\":\"https:\\\/\\\/www.koest.ch\\\/fr\\\/linitiative-sur-la-restauration-massivement-rejetee-quelques-reflexions-du-point-de-vue-du-directeur-de-campagne\\\/\",\"name\":\"L'initiative sur la restauration massivement rejet\u00e9e ! Quelques r\u00e9flexions du point de vue du directeur de campagne. | K\u00f6hler, St\u00fcdeli &amp; Partner GmbH\",\"isPartOf\":{\"@id\":\"https:\\\/\\\/www.koest.ch\\\/fr\\\/#website\"},\"datePublished\":\"2014-09-29T11:33:31+00:00\",\"breadcrumb\":{\"@id\":\"https:\\\/\\\/www.koest.ch\\\/fr\\\/linitiative-sur-la-restauration-massivement-rejetee-quelques-reflexions-du-point-de-vue-du-directeur-de-campagne\\\/#breadcrumb\"},\"inLanguage\":\"fr-FR\",\"potentialAction\":[{\"@type\":\"ReadAction\",\"target\":[\"https:\\\/\\\/www.koest.ch\\\/fr\\\/linitiative-sur-la-restauration-massivement-rejetee-quelques-reflexions-du-point-de-vue-du-directeur-de-campagne\\\/\"]}]},{\"@type\":\"BreadcrumbList\",\"@id\":\"https:\\\/\\\/www.koest.ch\\\/fr\\\/linitiative-sur-la-restauration-massivement-rejetee-quelques-reflexions-du-point-de-vue-du-directeur-de-campagne\\\/#breadcrumb\",\"itemListElement\":[{\"@type\":\"ListItem\",\"position\":1,\"name\":\"Startseite\",\"item\":\"https:\\\/\\\/www.koest.ch\\\/fr\\\/koehler-stuedeli-partner-gmbh\\\/\"},{\"@type\":\"ListItem\",\"position\":2,\"name\":\"L&rsquo;initiative sur la restauration massivement rejet\u00e9e ! Quelques r\u00e9flexions du point de vue du directeur de campagne.\"}]},{\"@type\":\"WebSite\",\"@id\":\"https:\\\/\\\/www.koest.ch\\\/fr\\\/#website\",\"url\":\"https:\\\/\\\/www.koest.ch\\\/fr\\\/\",\"name\":\"K\u00f6hler, St\u00fcdeli & Partner GmbH\",\"description\":\"Politikberatung, Verbands- und Kommunikationsmanagement, Kampagnen\",\"publisher\":{\"@id\":\"https:\\\/\\\/www.koest.ch\\\/fr\\\/#organization\"},\"alternateName\":\"koest.ch\",\"potentialAction\":[{\"@type\":\"SearchAction\",\"target\":{\"@type\":\"EntryPoint\",\"urlTemplate\":\"https:\\\/\\\/www.koest.ch\\\/fr\\\/?s={search_term_string}\"},\"query-input\":{\"@type\":\"PropertyValueSpecification\",\"valueRequired\":true,\"valueName\":\"search_term_string\"}}],\"inLanguage\":\"fr-FR\"},{\"@type\":\"Organization\",\"@id\":\"https:\\\/\\\/www.koest.ch\\\/fr\\\/#organization\",\"name\":\"K\u00f6hler, St\u00fcdeli & Partner GmbH\",\"alternateName\":\"koest.ch\",\"url\":\"https:\\\/\\\/www.koest.ch\\\/fr\\\/\",\"logo\":{\"@type\":\"ImageObject\",\"inLanguage\":\"fr-FR\",\"@id\":\"https:\\\/\\\/www.koest.ch\\\/fr\\\/#\\\/schema\\\/logo\\\/image\\\/\",\"url\":\"https:\\\/\\\/www.koest.ch\\\/wp-content\\\/uploads\\\/2020\\\/01\\\/logo_koehler_stuedeli_partner_gmbh.png\",\"contentUrl\":\"https:\\\/\\\/www.koest.ch\\\/wp-content\\\/uploads\\\/2020\\\/01\\\/logo_koehler_stuedeli_partner_gmbh.png\",\"width\":453,\"height\":220,\"caption\":\"K\u00f6hler, St\u00fcdeli & Partner GmbH\"},\"image\":{\"@id\":\"https:\\\/\\\/www.koest.ch\\\/fr\\\/#\\\/schema\\\/logo\\\/image\\\/\"},\"sameAs\":[\"https:\\\/\\\/www.facebook.com\\\/koehlerstuedeli\\\/\",\"https:\\\/\\\/x.com\\\/walter_stuedeli\",\"https:\\\/\\\/ch.linkedin.com\\\/in\\\/walterstuedeli\"]},{\"@type\":\"Person\",\"@id\":\"https:\\\/\\\/www.koest.ch\\\/fr\\\/#\\\/schema\\\/person\\\/8381125888356833fa526f3cc9dbcdc2\",\"name\":\"Nicolas Kyramarios\",\"image\":{\"@type\":\"ImageObject\",\"inLanguage\":\"fr-FR\",\"@id\":\"https:\\\/\\\/secure.gravatar.com\\\/avatar\\\/192987de55ad6c754fe81a1b12bb5294e54c8a9d93541ae377ebe44b636d888d?s=96&d=mm&r=g\",\"url\":\"https:\\\/\\\/secure.gravatar.com\\\/avatar\\\/192987de55ad6c754fe81a1b12bb5294e54c8a9d93541ae377ebe44b636d888d?s=96&d=mm&r=g\",\"contentUrl\":\"https:\\\/\\\/secure.gravatar.com\\\/avatar\\\/192987de55ad6c754fe81a1b12bb5294e54c8a9d93541ae377ebe44b636d888d?s=96&d=mm&r=g\",\"caption\":\"Nicolas Kyramarios\"}}]}<\/script>\n<!-- \/ Yoast SEO plugin. -->","yoast_head_json":{"title":"L'initiative sur la restauration massivement rejet\u00e9e ! Quelques r\u00e9flexions du point de vue du directeur de campagne. | K\u00f6hler, St\u00fcdeli &amp; Partner GmbH","robots":{"index":"index","follow":"follow","max-snippet":"max-snippet:-1","max-image-preview":"max-image-preview:large","max-video-preview":"max-video-preview:-1"},"canonical":"https:\/\/www.koest.ch\/fr\/linitiative-sur-la-restauration-massivement-rejetee-quelques-reflexions-du-point-de-vue-du-directeur-de-campagne\/","og_locale":"fr_FR","og_type":"article","og_title":"L'initiative sur la restauration massivement rejet\u00e9e ! Quelques r\u00e9flexions du point de vue du directeur de campagne. | K\u00f6hler, St\u00fcdeli &amp; Partner GmbH","og_description":"Gastrosuisse manquait d&rsquo;un concept clair. Les restaurateurs semblaient impuissants. Pendant la campagne, ils ont cr\u00e9\u00e9 \u00e0 plusieurs reprises de nouvelles id\u00e9es de mise en \u0153uvre, [&hellip;]","og_url":"https:\/\/www.koest.ch\/fr\/linitiative-sur-la-restauration-massivement-rejetee-quelques-reflexions-du-point-de-vue-du-directeur-de-campagne\/","og_site_name":"K\u00f6hler, St\u00fcdeli &amp; Partner GmbH","article_publisher":"https:\/\/www.facebook.com\/koehlerstuedeli\/","article_published_time":"2014-09-29T11:33:31+00:00","og_image":[{"width":2100,"height":1400,"url":"https:\/\/www.koest.ch\/wp-content\/uploads\/2019\/12\/header_stuedeli_koehler_03.jpg","type":"image\/jpeg"}],"author":"Nicolas Kyramarios","schema":{"@context":"https:\/\/schema.org","@graph":[{"@type":"Article","@id":"https:\/\/www.koest.ch\/fr\/linitiative-sur-la-restauration-massivement-rejetee-quelques-reflexions-du-point-de-vue-du-directeur-de-campagne\/#article","isPartOf":{"@id":"https:\/\/www.koest.ch\/fr\/linitiative-sur-la-restauration-massivement-rejetee-quelques-reflexions-du-point-de-vue-du-directeur-de-campagne\/"},"author":{"name":"Nicolas Kyramarios","@id":"https:\/\/www.koest.ch\/fr\/#\/schema\/person\/8381125888356833fa526f3cc9dbcdc2"},"headline":"L&rsquo;initiative sur la restauration massivement rejet\u00e9e ! Quelques r\u00e9flexions du point de vue du directeur de campagne.","datePublished":"2014-09-29T11:33:31+00:00","mainEntityOfPage":{"@id":"https:\/\/www.koest.ch\/fr\/linitiative-sur-la-restauration-massivement-rejetee-quelques-reflexions-du-point-de-vue-du-directeur-de-campagne\/"},"wordCount":657,"publisher":{"@id":"https:\/\/www.koest.ch\/fr\/#organization"},"inLanguage":"fr-FR"},{"@type":["WebPage","MedicalWebPage"],"@id":"https:\/\/www.koest.ch\/fr\/linitiative-sur-la-restauration-massivement-rejetee-quelques-reflexions-du-point-de-vue-du-directeur-de-campagne\/","url":"https:\/\/www.koest.ch\/fr\/linitiative-sur-la-restauration-massivement-rejetee-quelques-reflexions-du-point-de-vue-du-directeur-de-campagne\/","name":"L'initiative sur la restauration massivement rejet\u00e9e ! Quelques r\u00e9flexions du point de vue du directeur de campagne. | K\u00f6hler, St\u00fcdeli &amp; Partner GmbH","isPartOf":{"@id":"https:\/\/www.koest.ch\/fr\/#website"},"datePublished":"2014-09-29T11:33:31+00:00","breadcrumb":{"@id":"https:\/\/www.koest.ch\/fr\/linitiative-sur-la-restauration-massivement-rejetee-quelques-reflexions-du-point-de-vue-du-directeur-de-campagne\/#breadcrumb"},"inLanguage":"fr-FR","potentialAction":[{"@type":"ReadAction","target":["https:\/\/www.koest.ch\/fr\/linitiative-sur-la-restauration-massivement-rejetee-quelques-reflexions-du-point-de-vue-du-directeur-de-campagne\/"]}]},{"@type":"BreadcrumbList","@id":"https:\/\/www.koest.ch\/fr\/linitiative-sur-la-restauration-massivement-rejetee-quelques-reflexions-du-point-de-vue-du-directeur-de-campagne\/#breadcrumb","itemListElement":[{"@type":"ListItem","position":1,"name":"Startseite","item":"https:\/\/www.koest.ch\/fr\/koehler-stuedeli-partner-gmbh\/"},{"@type":"ListItem","position":2,"name":"L&rsquo;initiative sur la restauration massivement rejet\u00e9e ! Quelques r\u00e9flexions du point de vue du directeur de campagne."}]},{"@type":"WebSite","@id":"https:\/\/www.koest.ch\/fr\/#website","url":"https:\/\/www.koest.ch\/fr\/","name":"K\u00f6hler, St\u00fcdeli & Partner GmbH","description":"Politikberatung, Verbands- und Kommunikationsmanagement, Kampagnen","publisher":{"@id":"https:\/\/www.koest.ch\/fr\/#organization"},"alternateName":"koest.ch","potentialAction":[{"@type":"SearchAction","target":{"@type":"EntryPoint","urlTemplate":"https:\/\/www.koest.ch\/fr\/?s={search_term_string}"},"query-input":{"@type":"PropertyValueSpecification","valueRequired":true,"valueName":"search_term_string"}}],"inLanguage":"fr-FR"},{"@type":"Organization","@id":"https:\/\/www.koest.ch\/fr\/#organization","name":"K\u00f6hler, St\u00fcdeli & Partner GmbH","alternateName":"koest.ch","url":"https:\/\/www.koest.ch\/fr\/","logo":{"@type":"ImageObject","inLanguage":"fr-FR","@id":"https:\/\/www.koest.ch\/fr\/#\/schema\/logo\/image\/","url":"https:\/\/www.koest.ch\/wp-content\/uploads\/2020\/01\/logo_koehler_stuedeli_partner_gmbh.png","contentUrl":"https:\/\/www.koest.ch\/wp-content\/uploads\/2020\/01\/logo_koehler_stuedeli_partner_gmbh.png","width":453,"height":220,"caption":"K\u00f6hler, St\u00fcdeli & Partner GmbH"},"image":{"@id":"https:\/\/www.koest.ch\/fr\/#\/schema\/logo\/image\/"},"sameAs":["https:\/\/www.facebook.com\/koehlerstuedeli\/","https:\/\/x.com\/walter_stuedeli","https:\/\/ch.linkedin.com\/in\/walterstuedeli"]},{"@type":"Person","@id":"https:\/\/www.koest.ch\/fr\/#\/schema\/person\/8381125888356833fa526f3cc9dbcdc2","name":"Nicolas Kyramarios","image":{"@type":"ImageObject","inLanguage":"fr-FR","@id":"https:\/\/secure.gravatar.com\/avatar\/192987de55ad6c754fe81a1b12bb5294e54c8a9d93541ae377ebe44b636d888d?s=96&d=mm&r=g","url":"https:\/\/secure.gravatar.com\/avatar\/192987de55ad6c754fe81a1b12bb5294e54c8a9d93541ae377ebe44b636d888d?s=96&d=mm&r=g","contentUrl":"https:\/\/secure.gravatar.com\/avatar\/192987de55ad6c754fe81a1b12bb5294e54c8a9d93541ae377ebe44b636d888d?s=96&d=mm&r=g","caption":"Nicolas Kyramarios"}}]}},"_links":{"self":[{"href":"https:\/\/www.koest.ch\/fr\/wp-json\/wp\/v2\/posts\/4245","targetHints":{"allow":["GET"]}}],"collection":[{"href":"https:\/\/www.koest.ch\/fr\/wp-json\/wp\/v2\/posts"}],"about":[{"href":"https:\/\/www.koest.ch\/fr\/wp-json\/wp\/v2\/types\/post"}],"author":[{"embeddable":true,"href":"https:\/\/www.koest.ch\/fr\/wp-json\/wp\/v2\/users\/1"}],"replies":[{"embeddable":true,"href":"https:\/\/www.koest.ch\/fr\/wp-json\/wp\/v2\/comments?post=4245"}],"version-history":[{"count":0,"href":"https:\/\/www.koest.ch\/fr\/wp-json\/wp\/v2\/posts\/4245\/revisions"}],"wp:attachment":[{"href":"https:\/\/www.koest.ch\/fr\/wp-json\/wp\/v2\/media?parent=4245"}],"wp:term":[{"taxonomy":"category","embeddable":true,"href":"https:\/\/www.koest.ch\/fr\/wp-json\/wp\/v2\/categories?post=4245"},{"taxonomy":"post_tag","embeddable":true,"href":"https:\/\/www.koest.ch\/fr\/wp-json\/wp\/v2\/tags?post=4245"}],"curies":[{"name":"wp","href":"https:\/\/api.w.org\/{rel}","templated":true}]}}