{"id":4247,"date":"2015-12-17T13:20:35","date_gmt":"2015-12-17T12:20:35","guid":{"rendered":"https:\/\/www.koest.ch\/petition-pour-sauver-le-forum-politique-federal-kaefigturm\/"},"modified":"2015-12-17T13:20:35","modified_gmt":"2015-12-17T12:20:35","slug":"petition-pour-sauver-le-forum-politique-federal-kaefigturm","status":"publish","type":"post","link":"https:\/\/www.koest.ch\/fr\/petition-pour-sauver-le-forum-politique-federal-kaefigturm\/","title":{"rendered":"P\u00e9tition pour sauver le Forum politique f\u00e9d\u00e9ral K\u00e4figturm"},"content":{"rendered":"<p>La Chancellerie f\u00e9d\u00e9rale a d\u00e9cid\u00e9 de son propre chef de fermer le Forum politique de la Conf\u00e9d\u00e9ration.<br \/>\nUn comit\u00e9 largement soutenu s&rsquo;y oppose par une <a title=\"http:\/\/www.rettet-den-kaefigturm.ch\/petition\/\" href=\"http:\/\/www.rettet-den-kaefigturm.ch\/petition\/\" target=\"_blank\" rel=\"noopener noreferrer\">p\u00e9tition en ligne<\/a>.<br \/>\nEnviron 30 000 visiteurs et 500 classes visitent chaque ann\u00e9e la K\u00e4figturm.<br \/>\nSi la volont\u00e9 de la Chancellerie f\u00e9d\u00e9rale est respect\u00e9e, cela devrait cesser fin 2016.<br \/>\nLa p\u00e9tition demande que le K\u00e4figturm puisse continuer \u00e0 fonctionner de la m\u00eame mani\u00e8re.<br \/>\nL&rsquo;\u00e9ducation politique et la transmission du savoir ne doivent pas \u00eatre supprim\u00e9es sans \u00eatre remplac\u00e9es, car le forum politique renforce la d\u00e9mocratie.     <\/p>\n","protected":false},"excerpt":{"rendered":"<p>La Chancellerie f\u00e9d\u00e9rale a d\u00e9cid\u00e9 de son propre chef de fermer le Forum politique de la Conf\u00e9d\u00e9ration. Un comit\u00e9 largement soutenu s&rsquo;y oppose par une [&hellip;]<\/p>\n","protected":false},"author":1,"featured_media":3552,"comment_status":"closed","ping_status":"open","sticky":false,"template":"","format":"standard","meta":{"_acf_changed":false,"site-sidebar-layout":"default","site-content-layout":"default","ast-site-content-layout":"default","site-content-style":"default","site-sidebar-style":"default","ast-global-header-display":"","ast-banner-title-visibility":"","ast-main-header-display":"","ast-hfb-above-header-display":"","ast-hfb-below-header-display":"","ast-hfb-mobile-header-display":"","site-post-title":"","ast-breadcrumbs-content":"","ast-featured-img":"","footer-sml-layout":"","ast-disable-related-posts":"","theme-transparent-header-meta":"default","adv-header-id-meta":"","stick-header-meta":"","header-above-stick-meta":"","header-main-stick-meta":"","header-below-stick-meta":"","astra-migrate-meta-layouts":"default","ast-page-background-enabled":"default","ast-page-background-meta":{"desktop":{"background-color":"","background-image":"","background-repeat":"repeat","background-position":"center center","background-size":"auto","background-attachment":"scroll","background-type":"","background-media":"","overlay-type":"","overlay-color":"","overlay-opacity":"","overlay-gradient":""},"tablet":{"background-color":"","background-image":"","background-repeat":"repeat","background-position":"center center","background-size":"auto","background-attachment":"scroll","background-type":"","background-media":"","overlay-type":"","overlay-color":"","overlay-opacity":"","overlay-gradient":""},"mobile":{"background-color":"","background-image":"","background-repeat":"repeat","background-position":"center center","background-size":"auto","background-attachment":"scroll","background-type":"","background-media":"","overlay-type":"","overlay-color":"","overlay-opacity":"","overlay-gradient":""}},"ast-content-background-meta":{"desktop":{"background-color":"var(--ast-global-color-5)","background-image":"","background-repeat":"repeat","background-position":"center center","background-size":"auto","background-attachment":"scroll","background-type":"","background-media":"","overlay-type":"","overlay-color":"","overlay-opacity":"","overlay-gradient":""},"tablet":{"background-color":"var(--ast-global-color-5)","background-image":"","background-repeat":"repeat","background-position":"center center","background-size":"auto","background-attachment":"scroll","background-type":"","background-media":"","overlay-type":"","overlay-color":"","overlay-opacity":"","overlay-gradient":""},"mobile":{"background-color":"var(--ast-global-color-5)","background-image":"","background-repeat":"repeat","background-position":"center center","background-size":"auto","background-attachment":"scroll","background-type":"","background-media":"","overlay-type":"","overlay-color":"","overlay-opacity":"","overlay-gradient":""}},"footnotes":""},"categories":[36],"tags":[],"class_list":["post-4247","post","type-post","status-publish","format-standard","has-post-thumbnail","hentry","category-non-classe"],"acf":[],"yoast_head":"<!-- This site is optimized with the Yoast SEO plugin v27.4 - https:\/\/yoast.com\/product\/yoast-seo-wordpress\/ -->\n<title>P\u00e9tition pour sauver le Forum politique f\u00e9d\u00e9ral K\u00e4figturm | K\u00f6hler, St\u00fcdeli &amp; Partner GmbH<\/title>\n<meta name=\"robots\" content=\"index, follow, max-snippet:-1, max-image-preview:large, max-video-preview:-1\" \/>\n<link rel=\"canonical\" href=\"https:\/\/www.koest.ch\/fr\/petition-pour-sauver-le-forum-politique-federal-kaefigturm\/\" \/>\n<meta property=\"og:locale\" content=\"fr_FR\" \/>\n<meta property=\"og:type\" content=\"article\" \/>\n<meta property=\"og:title\" content=\"P\u00e9tition pour sauver le Forum politique f\u00e9d\u00e9ral K\u00e4figturm | K\u00f6hler, St\u00fcdeli &amp; Partner GmbH\" \/>\n<meta property=\"og:description\" content=\"La Chancellerie f\u00e9d\u00e9rale a d\u00e9cid\u00e9 de son propre chef de fermer le Forum politique de la Conf\u00e9d\u00e9ration. Un comit\u00e9 largement soutenu s&rsquo;y oppose par une [&hellip;]\" \/>\n<meta property=\"og:url\" content=\"https:\/\/www.koest.ch\/fr\/petition-pour-sauver-le-forum-politique-federal-kaefigturm\/\" \/>\n<meta property=\"og:site_name\" content=\"K\u00f6hler, St\u00fcdeli &amp; Partner GmbH\" \/>\n<meta property=\"article:publisher\" content=\"https:\/\/www.facebook.com\/koehlerstuedeli\/\" \/>\n<meta property=\"article:published_time\" content=\"2015-12-17T12:20:35+00:00\" \/>\n<meta property=\"og:image\" content=\"https:\/\/www.koest.ch\/wp-content\/uploads\/2019\/12\/aktuelles_15_12_17.jpg\" \/>\n\t<meta property=\"og:image:width\" content=\"256\" \/>\n\t<meta property=\"og:image:height\" content=\"362\" \/>\n\t<meta property=\"og:image:type\" content=\"image\/jpeg\" \/>\n<meta name=\"author\" content=\"Nicolas Kyramarios\" \/>\n<script type=\"application\/ld+json\" class=\"yoast-schema-graph\">{\"@context\":\"https:\\\/\\\/schema.org\",\"@graph\":[{\"@type\":\"Article\",\"@id\":\"https:\\\/\\\/www.koest.ch\\\/fr\\\/petition-pour-sauver-le-forum-politique-federal-kaefigturm\\\/#article\",\"isPartOf\":{\"@id\":\"https:\\\/\\\/www.koest.ch\\\/fr\\\/petition-pour-sauver-le-forum-politique-federal-kaefigturm\\\/\"},\"author\":{\"name\":\"Nicolas Kyramarios\",\"@id\":\"https:\\\/\\\/www.koest.ch\\\/fr\\\/#\\\/schema\\\/person\\\/8381125888356833fa526f3cc9dbcdc2\"},\"headline\":\"P\u00e9tition pour sauver le Forum politique f\u00e9d\u00e9ral K\u00e4figturm\",\"datePublished\":\"2015-12-17T12:20:35+00:00\",\"mainEntityOfPage\":{\"@id\":\"https:\\\/\\\/www.koest.ch\\\/fr\\\/petition-pour-sauver-le-forum-politique-federal-kaefigturm\\\/\"},\"wordCount\":117,\"publisher\":{\"@id\":\"https:\\\/\\\/www.koest.ch\\\/fr\\\/#organization\"},\"image\":{\"@id\":\"https:\\\/\\\/www.koest.ch\\\/fr\\\/petition-pour-sauver-le-forum-politique-federal-kaefigturm\\\/#primaryimage\"},\"thumbnailUrl\":\"https:\\\/\\\/www.koest.ch\\\/wp-content\\\/uploads\\\/2019\\\/12\\\/aktuelles_15_12_17.jpg\",\"inLanguage\":\"fr-FR\"},{\"@type\":[\"WebPage\",\"MedicalWebPage\"],\"@id\":\"https:\\\/\\\/www.koest.ch\\\/fr\\\/petition-pour-sauver-le-forum-politique-federal-kaefigturm\\\/\",\"url\":\"https:\\\/\\\/www.koest.ch\\\/fr\\\/petition-pour-sauver-le-forum-politique-federal-kaefigturm\\\/\",\"name\":\"P\u00e9tition pour sauver le Forum politique f\u00e9d\u00e9ral K\u00e4figturm | K\u00f6hler, St\u00fcdeli &amp; Partner GmbH\",\"isPartOf\":{\"@id\":\"https:\\\/\\\/www.koest.ch\\\/fr\\\/#website\"},\"primaryImageOfPage\":{\"@id\":\"https:\\\/\\\/www.koest.ch\\\/fr\\\/petition-pour-sauver-le-forum-politique-federal-kaefigturm\\\/#primaryimage\"},\"image\":{\"@id\":\"https:\\\/\\\/www.koest.ch\\\/fr\\\/petition-pour-sauver-le-forum-politique-federal-kaefigturm\\\/#primaryimage\"},\"thumbnailUrl\":\"https:\\\/\\\/www.koest.ch\\\/wp-content\\\/uploads\\\/2019\\\/12\\\/aktuelles_15_12_17.jpg\",\"datePublished\":\"2015-12-17T12:20:35+00:00\",\"breadcrumb\":{\"@id\":\"https:\\\/\\\/www.koest.ch\\\/fr\\\/petition-pour-sauver-le-forum-politique-federal-kaefigturm\\\/#breadcrumb\"},\"inLanguage\":\"fr-FR\",\"potentialAction\":[{\"@type\":\"ReadAction\",\"target\":[\"https:\\\/\\\/www.koest.ch\\\/fr\\\/petition-pour-sauver-le-forum-politique-federal-kaefigturm\\\/\"]}]},{\"@type\":\"ImageObject\",\"inLanguage\":\"fr-FR\",\"@id\":\"https:\\\/\\\/www.koest.ch\\\/fr\\\/petition-pour-sauver-le-forum-politique-federal-kaefigturm\\\/#primaryimage\",\"url\":\"https:\\\/\\\/www.koest.ch\\\/wp-content\\\/uploads\\\/2019\\\/12\\\/aktuelles_15_12_17.jpg\",\"contentUrl\":\"https:\\\/\\\/www.koest.ch\\\/wp-content\\\/uploads\\\/2019\\\/12\\\/aktuelles_15_12_17.jpg\",\"width\":256,\"height\":362},{\"@type\":\"BreadcrumbList\",\"@id\":\"https:\\\/\\\/www.koest.ch\\\/fr\\\/petition-pour-sauver-le-forum-politique-federal-kaefigturm\\\/#breadcrumb\",\"itemListElement\":[{\"@type\":\"ListItem\",\"position\":1,\"name\":\"Startseite\",\"item\":\"https:\\\/\\\/www.koest.ch\\\/fr\\\/koehler-stuedeli-partner-gmbh\\\/\"},{\"@type\":\"ListItem\",\"position\":2,\"name\":\"P\u00e9tition pour sauver le Forum politique f\u00e9d\u00e9ral K\u00e4figturm\"}]},{\"@type\":\"WebSite\",\"@id\":\"https:\\\/\\\/www.koest.ch\\\/fr\\\/#website\",\"url\":\"https:\\\/\\\/www.koest.ch\\\/fr\\\/\",\"name\":\"K\u00f6hler, St\u00fcdeli & Partner GmbH\",\"description\":\"Politikberatung, Verbands- und Kommunikationsmanagement, Kampagnen\",\"publisher\":{\"@id\":\"https:\\\/\\\/www.koest.ch\\\/fr\\\/#organization\"},\"alternateName\":\"koest.ch\",\"potentialAction\":[{\"@type\":\"SearchAction\",\"target\":{\"@type\":\"EntryPoint\",\"urlTemplate\":\"https:\\\/\\\/www.koest.ch\\\/fr\\\/?s={search_term_string}\"},\"query-input\":{\"@type\":\"PropertyValueSpecification\",\"valueRequired\":true,\"valueName\":\"search_term_string\"}}],\"inLanguage\":\"fr-FR\"},{\"@type\":\"Organization\",\"@id\":\"https:\\\/\\\/www.koest.ch\\\/fr\\\/#organization\",\"name\":\"K\u00f6hler, St\u00fcdeli & Partner GmbH\",\"alternateName\":\"koest.ch\",\"url\":\"https:\\\/\\\/www.koest.ch\\\/fr\\\/\",\"logo\":{\"@type\":\"ImageObject\",\"inLanguage\":\"fr-FR\",\"@id\":\"https:\\\/\\\/www.koest.ch\\\/fr\\\/#\\\/schema\\\/logo\\\/image\\\/\",\"url\":\"https:\\\/\\\/www.koest.ch\\\/wp-content\\\/uploads\\\/2020\\\/01\\\/logo_koehler_stuedeli_partner_gmbh.png\",\"contentUrl\":\"https:\\\/\\\/www.koest.ch\\\/wp-content\\\/uploads\\\/2020\\\/01\\\/logo_koehler_stuedeli_partner_gmbh.png\",\"width\":453,\"height\":220,\"caption\":\"K\u00f6hler, St\u00fcdeli & Partner GmbH\"},\"image\":{\"@id\":\"https:\\\/\\\/www.koest.ch\\\/fr\\\/#\\\/schema\\\/logo\\\/image\\\/\"},\"sameAs\":[\"https:\\\/\\\/www.facebook.com\\\/koehlerstuedeli\\\/\",\"https:\\\/\\\/x.com\\\/walter_stuedeli\",\"https:\\\/\\\/ch.linkedin.com\\\/in\\\/walterstuedeli\"]},{\"@type\":\"Person\",\"@id\":\"https:\\\/\\\/www.koest.ch\\\/fr\\\/#\\\/schema\\\/person\\\/8381125888356833fa526f3cc9dbcdc2\",\"name\":\"Nicolas Kyramarios\",\"image\":{\"@type\":\"ImageObject\",\"inLanguage\":\"fr-FR\",\"@id\":\"https:\\\/\\\/secure.gravatar.com\\\/avatar\\\/192987de55ad6c754fe81a1b12bb5294e54c8a9d93541ae377ebe44b636d888d?s=96&d=mm&r=g\",\"url\":\"https:\\\/\\\/secure.gravatar.com\\\/avatar\\\/192987de55ad6c754fe81a1b12bb5294e54c8a9d93541ae377ebe44b636d888d?s=96&d=mm&r=g\",\"contentUrl\":\"https:\\\/\\\/secure.gravatar.com\\\/avatar\\\/192987de55ad6c754fe81a1b12bb5294e54c8a9d93541ae377ebe44b636d888d?s=96&d=mm&r=g\",\"caption\":\"Nicolas Kyramarios\"}}]}<\/script>\n<!-- \/ Yoast SEO plugin. -->","yoast_head_json":{"title":"P\u00e9tition pour sauver le Forum politique f\u00e9d\u00e9ral K\u00e4figturm | K\u00f6hler, St\u00fcdeli &amp; Partner GmbH","robots":{"index":"index","follow":"follow","max-snippet":"max-snippet:-1","max-image-preview":"max-image-preview:large","max-video-preview":"max-video-preview:-1"},"canonical":"https:\/\/www.koest.ch\/fr\/petition-pour-sauver-le-forum-politique-federal-kaefigturm\/","og_locale":"fr_FR","og_type":"article","og_title":"P\u00e9tition pour sauver le Forum politique f\u00e9d\u00e9ral K\u00e4figturm | K\u00f6hler, St\u00fcdeli &amp; Partner GmbH","og_description":"La Chancellerie f\u00e9d\u00e9rale a d\u00e9cid\u00e9 de son propre chef de fermer le Forum politique de la Conf\u00e9d\u00e9ration. Un comit\u00e9 largement soutenu s&rsquo;y oppose par une [&hellip;]","og_url":"https:\/\/www.koest.ch\/fr\/petition-pour-sauver-le-forum-politique-federal-kaefigturm\/","og_site_name":"K\u00f6hler, St\u00fcdeli &amp; Partner GmbH","article_publisher":"https:\/\/www.facebook.com\/koehlerstuedeli\/","article_published_time":"2015-12-17T12:20:35+00:00","og_image":[{"width":256,"height":362,"url":"https:\/\/www.koest.ch\/wp-content\/uploads\/2019\/12\/aktuelles_15_12_17.jpg","type":"image\/jpeg"}],"author":"Nicolas Kyramarios","schema":{"@context":"https:\/\/schema.org","@graph":[{"@type":"Article","@id":"https:\/\/www.koest.ch\/fr\/petition-pour-sauver-le-forum-politique-federal-kaefigturm\/#article","isPartOf":{"@id":"https:\/\/www.koest.ch\/fr\/petition-pour-sauver-le-forum-politique-federal-kaefigturm\/"},"author":{"name":"Nicolas Kyramarios","@id":"https:\/\/www.koest.ch\/fr\/#\/schema\/person\/8381125888356833fa526f3cc9dbcdc2"},"headline":"P\u00e9tition pour sauver le Forum politique f\u00e9d\u00e9ral K\u00e4figturm","datePublished":"2015-12-17T12:20:35+00:00","mainEntityOfPage":{"@id":"https:\/\/www.koest.ch\/fr\/petition-pour-sauver-le-forum-politique-federal-kaefigturm\/"},"wordCount":117,"publisher":{"@id":"https:\/\/www.koest.ch\/fr\/#organization"},"image":{"@id":"https:\/\/www.koest.ch\/fr\/petition-pour-sauver-le-forum-politique-federal-kaefigturm\/#primaryimage"},"thumbnailUrl":"https:\/\/www.koest.ch\/wp-content\/uploads\/2019\/12\/aktuelles_15_12_17.jpg","inLanguage":"fr-FR"},{"@type":["WebPage","MedicalWebPage"],"@id":"https:\/\/www.koest.ch\/fr\/petition-pour-sauver-le-forum-politique-federal-kaefigturm\/","url":"https:\/\/www.koest.ch\/fr\/petition-pour-sauver-le-forum-politique-federal-kaefigturm\/","name":"P\u00e9tition pour sauver le Forum politique f\u00e9d\u00e9ral K\u00e4figturm | K\u00f6hler, St\u00fcdeli &amp; Partner GmbH","isPartOf":{"@id":"https:\/\/www.koest.ch\/fr\/#website"},"primaryImageOfPage":{"@id":"https:\/\/www.koest.ch\/fr\/petition-pour-sauver-le-forum-politique-federal-kaefigturm\/#primaryimage"},"image":{"@id":"https:\/\/www.koest.ch\/fr\/petition-pour-sauver-le-forum-politique-federal-kaefigturm\/#primaryimage"},"thumbnailUrl":"https:\/\/www.koest.ch\/wp-content\/uploads\/2019\/12\/aktuelles_15_12_17.jpg","datePublished":"2015-12-17T12:20:35+00:00","breadcrumb":{"@id":"https:\/\/www.koest.ch\/fr\/petition-pour-sauver-le-forum-politique-federal-kaefigturm\/#breadcrumb"},"inLanguage":"fr-FR","potentialAction":[{"@type":"ReadAction","target":["https:\/\/www.koest.ch\/fr\/petition-pour-sauver-le-forum-politique-federal-kaefigturm\/"]}]},{"@type":"ImageObject","inLanguage":"fr-FR","@id":"https:\/\/www.koest.ch\/fr\/petition-pour-sauver-le-forum-politique-federal-kaefigturm\/#primaryimage","url":"https:\/\/www.koest.ch\/wp-content\/uploads\/2019\/12\/aktuelles_15_12_17.jpg","contentUrl":"https:\/\/www.koest.ch\/wp-content\/uploads\/2019\/12\/aktuelles_15_12_17.jpg","width":256,"height":362},{"@type":"BreadcrumbList","@id":"https:\/\/www.koest.ch\/fr\/petition-pour-sauver-le-forum-politique-federal-kaefigturm\/#breadcrumb","itemListElement":[{"@type":"ListItem","position":1,"name":"Startseite","item":"https:\/\/www.koest.ch\/fr\/koehler-stuedeli-partner-gmbh\/"},{"@type":"ListItem","position":2,"name":"P\u00e9tition pour sauver le Forum politique f\u00e9d\u00e9ral K\u00e4figturm"}]},{"@type":"WebSite","@id":"https:\/\/www.koest.ch\/fr\/#website","url":"https:\/\/www.koest.ch\/fr\/","name":"K\u00f6hler, St\u00fcdeli & Partner GmbH","description":"Politikberatung, Verbands- und Kommunikationsmanagement, Kampagnen","publisher":{"@id":"https:\/\/www.koest.ch\/fr\/#organization"},"alternateName":"koest.ch","potentialAction":[{"@type":"SearchAction","target":{"@type":"EntryPoint","urlTemplate":"https:\/\/www.koest.ch\/fr\/?s={search_term_string}"},"query-input":{"@type":"PropertyValueSpecification","valueRequired":true,"valueName":"search_term_string"}}],"inLanguage":"fr-FR"},{"@type":"Organization","@id":"https:\/\/www.koest.ch\/fr\/#organization","name":"K\u00f6hler, St\u00fcdeli & Partner GmbH","alternateName":"koest.ch","url":"https:\/\/www.koest.ch\/fr\/","logo":{"@type":"ImageObject","inLanguage":"fr-FR","@id":"https:\/\/www.koest.ch\/fr\/#\/schema\/logo\/image\/","url":"https:\/\/www.koest.ch\/wp-content\/uploads\/2020\/01\/logo_koehler_stuedeli_partner_gmbh.png","contentUrl":"https:\/\/www.koest.ch\/wp-content\/uploads\/2020\/01\/logo_koehler_stuedeli_partner_gmbh.png","width":453,"height":220,"caption":"K\u00f6hler, St\u00fcdeli & Partner GmbH"},"image":{"@id":"https:\/\/www.koest.ch\/fr\/#\/schema\/logo\/image\/"},"sameAs":["https:\/\/www.facebook.com\/koehlerstuedeli\/","https:\/\/x.com\/walter_stuedeli","https:\/\/ch.linkedin.com\/in\/walterstuedeli"]},{"@type":"Person","@id":"https:\/\/www.koest.ch\/fr\/#\/schema\/person\/8381125888356833fa526f3cc9dbcdc2","name":"Nicolas Kyramarios","image":{"@type":"ImageObject","inLanguage":"fr-FR","@id":"https:\/\/secure.gravatar.com\/avatar\/192987de55ad6c754fe81a1b12bb5294e54c8a9d93541ae377ebe44b636d888d?s=96&d=mm&r=g","url":"https:\/\/secure.gravatar.com\/avatar\/192987de55ad6c754fe81a1b12bb5294e54c8a9d93541ae377ebe44b636d888d?s=96&d=mm&r=g","contentUrl":"https:\/\/secure.gravatar.com\/avatar\/192987de55ad6c754fe81a1b12bb5294e54c8a9d93541ae377ebe44b636d888d?s=96&d=mm&r=g","caption":"Nicolas Kyramarios"}}]}},"_links":{"self":[{"href":"https:\/\/www.koest.ch\/fr\/wp-json\/wp\/v2\/posts\/4247","targetHints":{"allow":["GET"]}}],"collection":[{"href":"https:\/\/www.koest.ch\/fr\/wp-json\/wp\/v2\/posts"}],"about":[{"href":"https:\/\/www.koest.ch\/fr\/wp-json\/wp\/v2\/types\/post"}],"author":[{"embeddable":true,"href":"https:\/\/www.koest.ch\/fr\/wp-json\/wp\/v2\/users\/1"}],"replies":[{"embeddable":true,"href":"https:\/\/www.koest.ch\/fr\/wp-json\/wp\/v2\/comments?post=4247"}],"version-history":[{"count":0,"href":"https:\/\/www.koest.ch\/fr\/wp-json\/wp\/v2\/posts\/4247\/revisions"}],"wp:featuredmedia":[{"embeddable":true,"href":"https:\/\/www.koest.ch\/fr\/wp-json\/wp\/v2\/media\/3552"}],"wp:attachment":[{"href":"https:\/\/www.koest.ch\/fr\/wp-json\/wp\/v2\/media?parent=4247"}],"wp:term":[{"taxonomy":"category","embeddable":true,"href":"https:\/\/www.koest.ch\/fr\/wp-json\/wp\/v2\/categories?post=4247"},{"taxonomy":"post_tag","embeddable":true,"href":"https:\/\/www.koest.ch\/fr\/wp-json\/wp\/v2\/tags?post=4247"}],"curies":[{"name":"wp","href":"https:\/\/api.w.org\/{rel}","templated":true}]}}