{"id":4261,"date":"2015-01-25T13:29:04","date_gmt":"2015-01-25T12:29:04","guid":{"rendered":"https:\/\/www.koest.ch\/la-ligne-rouge-franchie\/"},"modified":"2015-01-25T13:29:04","modified_gmt":"2015-01-25T12:29:04","slug":"la-ligne-rouge-franchie","status":"publish","type":"post","link":"https:\/\/www.koest.ch\/fr\/la-ligne-rouge-franchie\/","title":{"rendered":"La ligne rouge franchie"},"content":{"rendered":"<div id=\"cc-m-9893693293\" class=\"j-module n j-text \">  L&rsquo;affaire r\u00e9v\u00e9l\u00e9e par la NZZ sur les pratiques de l&rsquo;ancien ambassadeur Thomas Borer a montr\u00e9 de mani\u00e8re exemplaire que des r\u00e8gles sont n\u00e9cessaires pour les lobbyistes.<br \/>\nLa SPAG (Public Affairs Society) a d\u00e9fini un code de d\u00e9ontologie qui impose des obligations \u00e0 ses membres.<br \/>\nPar exemple, les mandants doivent \u00eatre publi\u00e9s, mais pas le montant des r\u00e9mun\u00e9rations (ce que je trouve bien).<br \/>\nCette obligation ne s&rsquo;applique toutefois pas aux non-membres.<br \/>\nCe n&rsquo;est pas le cas de Thomas Borer, dont le collaborateur n&rsquo;a apparemment pas voulu r\u00e9v\u00e9ler le nom du donneur d&rsquo;ordre \u00e0 la NZZ.      <\/div>\n<div id=\"cc-m-9908691293\" class=\"j-module n j-text \">  Je suis bien s\u00fbr conscient que le code de conduite de la SPAG n&rsquo;est pas encore appliqu\u00e9 et qu&rsquo;il pr\u00e9sente des lacunes.<br \/>\nAinsi, le code ne parle pas de l&rsquo;influence dans les proc\u00e9dures p\u00e9nales en cours.<br \/>\nA juste titre d&rsquo;ailleurs : le lobbying vise \u00e0 influencer la l\u00e9gislation et l&rsquo;ex\u00e9cution par les autorit\u00e9s.<br \/>\nCe n&rsquo;est pas le cas des proc\u00e9dures p\u00e9nales.<br \/>\nPar d\u00e9finition, ce domaine ne fait pas partie du lobbying, il s&rsquo;agit plut\u00f4t d&rsquo;une activit\u00e9 d&rsquo;avocat.<br \/>\nNous, les lobbyistes, devons nous d\u00e9marquer de cette activit\u00e9, car toute tentative d&rsquo;influencer le troisi\u00e8me pouvoir est absolument interdite et nuit \u00e0 la r\u00e9putation de notre profession.<br \/>\nSi vous cherchez le soutien de membres du Conseil pour influencer des proc\u00e9dures p\u00e9nales, c&rsquo;est encore pire.<br \/>\nLa Soci\u00e9t\u00e9 des affaires publiques serait bien inspir\u00e9e de d\u00e9finir par \u00e9crit les choses \u00e0 faire et \u00e0 ne pas faire de notre profession et de faire examiner la pratique par une commission de d\u00e9ontologie.<br \/>\nLa SPAG a reconnu les signes du temps.<br \/>\nElle veillera \u00e0 ce que ses membres s&rsquo;y conforment.<br \/>\nElle peut et doit se d\u00e9marquer clairement des non-membres qui ont recours \u00e0 des pratiques d\u00e9loyales.<br \/>\nPlus la soci\u00e9t\u00e9 d&rsquo;affaires publiques compte de membres, plus l&rsquo;autor\u00e9gulation impos\u00e9e volontairement est efficace.<br \/>\nCelle-ci ne peut toutefois fonctionner que si des sanctions sont prononc\u00e9es et communiqu\u00e9es \u00e0 l&rsquo;encontre des membres fautifs.<br \/>\nUne commission ind\u00e9pendante sera mise en place \u00e0 cet effet lors de la prochaine assembl\u00e9e g\u00e9n\u00e9rale.<br \/>\nSinon, nous risquons d&rsquo;\u00eatre confront\u00e9s \u00e0 une r\u00e9glementation \u00e9tatique qui n&#8217;emp\u00eachera pas notre profession, mais qui repoussera dans la sombre antichambre ce que nous voulons pr\u00e9cis\u00e9ment emp\u00eacher.                <\/div>\n<div id=\"cc-m-9908691393\" class=\"j-module n j-text \">\n<p><a title=\"http:\/\/www.nzz.ch\/schweiz\/thomas-borer-und-die-roten-linien-im-lobbying-1.18469353\" href=\"http:\/\/www.nzz.ch\/schweiz\/thomas-borer-und-die-roten-linien-im-lobbying-1.18469353\" target=\"_blank\" rel=\"noopener noreferrer\"><a href=\"http:\/\/www.nzz.ch\/schweiz\/thomas-borer-und-die-roten-linien-im-lobbying-1.18469353\">Lien vers NZZ<\/a><\/a><\/p>\n<\/div>\n","protected":false},"excerpt":{"rendered":"<p>L&rsquo;affaire r\u00e9v\u00e9l\u00e9e par la NZZ sur les pratiques de l&rsquo;ancien ambassadeur Thomas Borer a montr\u00e9 de mani\u00e8re exemplaire que des r\u00e8gles sont n\u00e9cessaires pour les [&hellip;]<\/p>\n","protected":false},"author":1,"featured_media":0,"comment_status":"closed","ping_status":"open","sticky":false,"template":"","format":"standard","meta":{"_acf_changed":false,"site-sidebar-layout":"default","site-content-layout":"default","ast-site-content-layout":"default","site-content-style":"default","site-sidebar-style":"default","ast-global-header-display":"","ast-banner-title-visibility":"","ast-main-header-display":"","ast-hfb-above-header-display":"","ast-hfb-below-header-display":"","ast-hfb-mobile-header-display":"","site-post-title":"","ast-breadcrumbs-content":"","ast-featured-img":"","footer-sml-layout":"","ast-disable-related-posts":"","theme-transparent-header-meta":"default","adv-header-id-meta":"","stick-header-meta":"","header-above-stick-meta":"","header-main-stick-meta":"","header-below-stick-meta":"","astra-migrate-meta-layouts":"default","ast-page-background-enabled":"default","ast-page-background-meta":{"desktop":{"background-color":"","background-image":"","background-repeat":"repeat","background-position":"center center","background-size":"auto","background-attachment":"scroll","background-type":"","background-media":"","overlay-type":"","overlay-color":"","overlay-opacity":"","overlay-gradient":""},"tablet":{"background-color":"","background-image":"","background-repeat":"repeat","background-position":"center center","background-size":"auto","background-attachment":"scroll","background-type":"","background-media":"","overlay-type":"","overlay-color":"","overlay-opacity":"","overlay-gradient":""},"mobile":{"background-color":"","background-image":"","background-repeat":"repeat","background-position":"center center","background-size":"auto","background-attachment":"scroll","background-type":"","background-media":"","overlay-type":"","overlay-color":"","overlay-opacity":"","overlay-gradient":""}},"ast-content-background-meta":{"desktop":{"background-color":"var(--ast-global-color-5)","background-image":"","background-repeat":"repeat","background-position":"center center","background-size":"auto","background-attachment":"scroll","background-type":"","background-media":"","overlay-type":"","overlay-color":"","overlay-opacity":"","overlay-gradient":""},"tablet":{"background-color":"var(--ast-global-color-5)","background-image":"","background-repeat":"repeat","background-position":"center center","background-size":"auto","background-attachment":"scroll","background-type":"","background-media":"","overlay-type":"","overlay-color":"","overlay-opacity":"","overlay-gradient":""},"mobile":{"background-color":"var(--ast-global-color-5)","background-image":"","background-repeat":"repeat","background-position":"center center","background-size":"auto","background-attachment":"scroll","background-type":"","background-media":"","overlay-type":"","overlay-color":"","overlay-opacity":"","overlay-gradient":""}},"footnotes":""},"categories":[36],"tags":[],"class_list":["post-4261","post","type-post","status-publish","format-standard","hentry","category-non-classe"],"acf":[],"yoast_head":"<!-- This site is optimized with the Yoast SEO plugin v27.4 - https:\/\/yoast.com\/product\/yoast-seo-wordpress\/ -->\n<title>La ligne rouge franchie | K\u00f6hler, St\u00fcdeli &amp; Partner GmbH<\/title>\n<meta name=\"robots\" content=\"index, follow, max-snippet:-1, max-image-preview:large, max-video-preview:-1\" \/>\n<link rel=\"canonical\" href=\"https:\/\/www.koest.ch\/fr\/la-ligne-rouge-franchie\/\" \/>\n<meta property=\"og:locale\" content=\"fr_FR\" \/>\n<meta property=\"og:type\" content=\"article\" \/>\n<meta property=\"og:title\" content=\"La ligne rouge franchie | K\u00f6hler, St\u00fcdeli &amp; Partner GmbH\" \/>\n<meta property=\"og:description\" content=\"L&rsquo;affaire r\u00e9v\u00e9l\u00e9e par la NZZ sur les pratiques de l&rsquo;ancien ambassadeur Thomas Borer a montr\u00e9 de mani\u00e8re exemplaire que des r\u00e8gles sont n\u00e9cessaires pour les [&hellip;]\" \/>\n<meta property=\"og:url\" content=\"https:\/\/www.koest.ch\/fr\/la-ligne-rouge-franchie\/\" \/>\n<meta property=\"og:site_name\" content=\"K\u00f6hler, St\u00fcdeli &amp; Partner GmbH\" \/>\n<meta property=\"article:publisher\" content=\"https:\/\/www.facebook.com\/koehlerstuedeli\/\" \/>\n<meta property=\"article:published_time\" content=\"2015-01-25T12:29:04+00:00\" \/>\n<meta property=\"og:image\" content=\"https:\/\/www.koest.ch\/wp-content\/uploads\/2019\/12\/header_stuedeli_koehler_03.jpg\" \/>\n\t<meta property=\"og:image:width\" content=\"2100\" \/>\n\t<meta property=\"og:image:height\" content=\"1400\" \/>\n\t<meta property=\"og:image:type\" content=\"image\/jpeg\" \/>\n<meta name=\"author\" content=\"Nicolas Kyramarios\" \/>\n<script type=\"application\/ld+json\" class=\"yoast-schema-graph\">{\"@context\":\"https:\\\/\\\/schema.org\",\"@graph\":[{\"@type\":\"Article\",\"@id\":\"https:\\\/\\\/www.koest.ch\\\/fr\\\/la-ligne-rouge-franchie\\\/#article\",\"isPartOf\":{\"@id\":\"https:\\\/\\\/www.koest.ch\\\/fr\\\/la-ligne-rouge-franchie\\\/\"},\"author\":{\"name\":\"Nicolas Kyramarios\",\"@id\":\"https:\\\/\\\/www.koest.ch\\\/fr\\\/#\\\/schema\\\/person\\\/8381125888356833fa526f3cc9dbcdc2\"},\"headline\":\"La ligne rouge franchie\",\"datePublished\":\"2015-01-25T12:29:04+00:00\",\"mainEntityOfPage\":{\"@id\":\"https:\\\/\\\/www.koest.ch\\\/fr\\\/la-ligne-rouge-franchie\\\/\"},\"wordCount\":426,\"publisher\":{\"@id\":\"https:\\\/\\\/www.koest.ch\\\/fr\\\/#organization\"},\"inLanguage\":\"fr-FR\"},{\"@type\":[\"WebPage\",\"MedicalWebPage\"],\"@id\":\"https:\\\/\\\/www.koest.ch\\\/fr\\\/la-ligne-rouge-franchie\\\/\",\"url\":\"https:\\\/\\\/www.koest.ch\\\/fr\\\/la-ligne-rouge-franchie\\\/\",\"name\":\"La ligne rouge franchie | K\u00f6hler, St\u00fcdeli &amp; Partner GmbH\",\"isPartOf\":{\"@id\":\"https:\\\/\\\/www.koest.ch\\\/fr\\\/#website\"},\"datePublished\":\"2015-01-25T12:29:04+00:00\",\"breadcrumb\":{\"@id\":\"https:\\\/\\\/www.koest.ch\\\/fr\\\/la-ligne-rouge-franchie\\\/#breadcrumb\"},\"inLanguage\":\"fr-FR\",\"potentialAction\":[{\"@type\":\"ReadAction\",\"target\":[\"https:\\\/\\\/www.koest.ch\\\/fr\\\/la-ligne-rouge-franchie\\\/\"]}]},{\"@type\":\"BreadcrumbList\",\"@id\":\"https:\\\/\\\/www.koest.ch\\\/fr\\\/la-ligne-rouge-franchie\\\/#breadcrumb\",\"itemListElement\":[{\"@type\":\"ListItem\",\"position\":1,\"name\":\"Startseite\",\"item\":\"https:\\\/\\\/www.koest.ch\\\/fr\\\/koehler-stuedeli-partner-gmbh\\\/\"},{\"@type\":\"ListItem\",\"position\":2,\"name\":\"La ligne rouge franchie\"}]},{\"@type\":\"WebSite\",\"@id\":\"https:\\\/\\\/www.koest.ch\\\/fr\\\/#website\",\"url\":\"https:\\\/\\\/www.koest.ch\\\/fr\\\/\",\"name\":\"K\u00f6hler, St\u00fcdeli & Partner GmbH\",\"description\":\"Politikberatung, Verbands- und Kommunikationsmanagement, Kampagnen\",\"publisher\":{\"@id\":\"https:\\\/\\\/www.koest.ch\\\/fr\\\/#organization\"},\"alternateName\":\"koest.ch\",\"potentialAction\":[{\"@type\":\"SearchAction\",\"target\":{\"@type\":\"EntryPoint\",\"urlTemplate\":\"https:\\\/\\\/www.koest.ch\\\/fr\\\/?s={search_term_string}\"},\"query-input\":{\"@type\":\"PropertyValueSpecification\",\"valueRequired\":true,\"valueName\":\"search_term_string\"}}],\"inLanguage\":\"fr-FR\"},{\"@type\":\"Organization\",\"@id\":\"https:\\\/\\\/www.koest.ch\\\/fr\\\/#organization\",\"name\":\"K\u00f6hler, St\u00fcdeli & Partner GmbH\",\"alternateName\":\"koest.ch\",\"url\":\"https:\\\/\\\/www.koest.ch\\\/fr\\\/\",\"logo\":{\"@type\":\"ImageObject\",\"inLanguage\":\"fr-FR\",\"@id\":\"https:\\\/\\\/www.koest.ch\\\/fr\\\/#\\\/schema\\\/logo\\\/image\\\/\",\"url\":\"https:\\\/\\\/www.koest.ch\\\/wp-content\\\/uploads\\\/2020\\\/01\\\/logo_koehler_stuedeli_partner_gmbh.png\",\"contentUrl\":\"https:\\\/\\\/www.koest.ch\\\/wp-content\\\/uploads\\\/2020\\\/01\\\/logo_koehler_stuedeli_partner_gmbh.png\",\"width\":453,\"height\":220,\"caption\":\"K\u00f6hler, St\u00fcdeli & Partner GmbH\"},\"image\":{\"@id\":\"https:\\\/\\\/www.koest.ch\\\/fr\\\/#\\\/schema\\\/logo\\\/image\\\/\"},\"sameAs\":[\"https:\\\/\\\/www.facebook.com\\\/koehlerstuedeli\\\/\",\"https:\\\/\\\/x.com\\\/walter_stuedeli\",\"https:\\\/\\\/ch.linkedin.com\\\/in\\\/walterstuedeli\"]},{\"@type\":\"Person\",\"@id\":\"https:\\\/\\\/www.koest.ch\\\/fr\\\/#\\\/schema\\\/person\\\/8381125888356833fa526f3cc9dbcdc2\",\"name\":\"Nicolas Kyramarios\",\"image\":{\"@type\":\"ImageObject\",\"inLanguage\":\"fr-FR\",\"@id\":\"https:\\\/\\\/secure.gravatar.com\\\/avatar\\\/192987de55ad6c754fe81a1b12bb5294e54c8a9d93541ae377ebe44b636d888d?s=96&d=mm&r=g\",\"url\":\"https:\\\/\\\/secure.gravatar.com\\\/avatar\\\/192987de55ad6c754fe81a1b12bb5294e54c8a9d93541ae377ebe44b636d888d?s=96&d=mm&r=g\",\"contentUrl\":\"https:\\\/\\\/secure.gravatar.com\\\/avatar\\\/192987de55ad6c754fe81a1b12bb5294e54c8a9d93541ae377ebe44b636d888d?s=96&d=mm&r=g\",\"caption\":\"Nicolas Kyramarios\"}}]}<\/script>\n<!-- \/ Yoast SEO plugin. -->","yoast_head_json":{"title":"La ligne rouge franchie | K\u00f6hler, St\u00fcdeli &amp; Partner GmbH","robots":{"index":"index","follow":"follow","max-snippet":"max-snippet:-1","max-image-preview":"max-image-preview:large","max-video-preview":"max-video-preview:-1"},"canonical":"https:\/\/www.koest.ch\/fr\/la-ligne-rouge-franchie\/","og_locale":"fr_FR","og_type":"article","og_title":"La ligne rouge franchie | K\u00f6hler, St\u00fcdeli &amp; Partner GmbH","og_description":"L&rsquo;affaire r\u00e9v\u00e9l\u00e9e par la NZZ sur les pratiques de l&rsquo;ancien ambassadeur Thomas Borer a montr\u00e9 de mani\u00e8re exemplaire que des r\u00e8gles sont n\u00e9cessaires pour les [&hellip;]","og_url":"https:\/\/www.koest.ch\/fr\/la-ligne-rouge-franchie\/","og_site_name":"K\u00f6hler, St\u00fcdeli &amp; Partner GmbH","article_publisher":"https:\/\/www.facebook.com\/koehlerstuedeli\/","article_published_time":"2015-01-25T12:29:04+00:00","og_image":[{"width":2100,"height":1400,"url":"https:\/\/www.koest.ch\/wp-content\/uploads\/2019\/12\/header_stuedeli_koehler_03.jpg","type":"image\/jpeg"}],"author":"Nicolas Kyramarios","schema":{"@context":"https:\/\/schema.org","@graph":[{"@type":"Article","@id":"https:\/\/www.koest.ch\/fr\/la-ligne-rouge-franchie\/#article","isPartOf":{"@id":"https:\/\/www.koest.ch\/fr\/la-ligne-rouge-franchie\/"},"author":{"name":"Nicolas Kyramarios","@id":"https:\/\/www.koest.ch\/fr\/#\/schema\/person\/8381125888356833fa526f3cc9dbcdc2"},"headline":"La ligne rouge franchie","datePublished":"2015-01-25T12:29:04+00:00","mainEntityOfPage":{"@id":"https:\/\/www.koest.ch\/fr\/la-ligne-rouge-franchie\/"},"wordCount":426,"publisher":{"@id":"https:\/\/www.koest.ch\/fr\/#organization"},"inLanguage":"fr-FR"},{"@type":["WebPage","MedicalWebPage"],"@id":"https:\/\/www.koest.ch\/fr\/la-ligne-rouge-franchie\/","url":"https:\/\/www.koest.ch\/fr\/la-ligne-rouge-franchie\/","name":"La ligne rouge franchie | K\u00f6hler, St\u00fcdeli &amp; Partner GmbH","isPartOf":{"@id":"https:\/\/www.koest.ch\/fr\/#website"},"datePublished":"2015-01-25T12:29:04+00:00","breadcrumb":{"@id":"https:\/\/www.koest.ch\/fr\/la-ligne-rouge-franchie\/#breadcrumb"},"inLanguage":"fr-FR","potentialAction":[{"@type":"ReadAction","target":["https:\/\/www.koest.ch\/fr\/la-ligne-rouge-franchie\/"]}]},{"@type":"BreadcrumbList","@id":"https:\/\/www.koest.ch\/fr\/la-ligne-rouge-franchie\/#breadcrumb","itemListElement":[{"@type":"ListItem","position":1,"name":"Startseite","item":"https:\/\/www.koest.ch\/fr\/koehler-stuedeli-partner-gmbh\/"},{"@type":"ListItem","position":2,"name":"La ligne rouge franchie"}]},{"@type":"WebSite","@id":"https:\/\/www.koest.ch\/fr\/#website","url":"https:\/\/www.koest.ch\/fr\/","name":"K\u00f6hler, St\u00fcdeli & Partner GmbH","description":"Politikberatung, Verbands- und Kommunikationsmanagement, Kampagnen","publisher":{"@id":"https:\/\/www.koest.ch\/fr\/#organization"},"alternateName":"koest.ch","potentialAction":[{"@type":"SearchAction","target":{"@type":"EntryPoint","urlTemplate":"https:\/\/www.koest.ch\/fr\/?s={search_term_string}"},"query-input":{"@type":"PropertyValueSpecification","valueRequired":true,"valueName":"search_term_string"}}],"inLanguage":"fr-FR"},{"@type":"Organization","@id":"https:\/\/www.koest.ch\/fr\/#organization","name":"K\u00f6hler, St\u00fcdeli & Partner GmbH","alternateName":"koest.ch","url":"https:\/\/www.koest.ch\/fr\/","logo":{"@type":"ImageObject","inLanguage":"fr-FR","@id":"https:\/\/www.koest.ch\/fr\/#\/schema\/logo\/image\/","url":"https:\/\/www.koest.ch\/wp-content\/uploads\/2020\/01\/logo_koehler_stuedeli_partner_gmbh.png","contentUrl":"https:\/\/www.koest.ch\/wp-content\/uploads\/2020\/01\/logo_koehler_stuedeli_partner_gmbh.png","width":453,"height":220,"caption":"K\u00f6hler, St\u00fcdeli & Partner GmbH"},"image":{"@id":"https:\/\/www.koest.ch\/fr\/#\/schema\/logo\/image\/"},"sameAs":["https:\/\/www.facebook.com\/koehlerstuedeli\/","https:\/\/x.com\/walter_stuedeli","https:\/\/ch.linkedin.com\/in\/walterstuedeli"]},{"@type":"Person","@id":"https:\/\/www.koest.ch\/fr\/#\/schema\/person\/8381125888356833fa526f3cc9dbcdc2","name":"Nicolas Kyramarios","image":{"@type":"ImageObject","inLanguage":"fr-FR","@id":"https:\/\/secure.gravatar.com\/avatar\/192987de55ad6c754fe81a1b12bb5294e54c8a9d93541ae377ebe44b636d888d?s=96&d=mm&r=g","url":"https:\/\/secure.gravatar.com\/avatar\/192987de55ad6c754fe81a1b12bb5294e54c8a9d93541ae377ebe44b636d888d?s=96&d=mm&r=g","contentUrl":"https:\/\/secure.gravatar.com\/avatar\/192987de55ad6c754fe81a1b12bb5294e54c8a9d93541ae377ebe44b636d888d?s=96&d=mm&r=g","caption":"Nicolas Kyramarios"}}]}},"_links":{"self":[{"href":"https:\/\/www.koest.ch\/fr\/wp-json\/wp\/v2\/posts\/4261","targetHints":{"allow":["GET"]}}],"collection":[{"href":"https:\/\/www.koest.ch\/fr\/wp-json\/wp\/v2\/posts"}],"about":[{"href":"https:\/\/www.koest.ch\/fr\/wp-json\/wp\/v2\/types\/post"}],"author":[{"embeddable":true,"href":"https:\/\/www.koest.ch\/fr\/wp-json\/wp\/v2\/users\/1"}],"replies":[{"embeddable":true,"href":"https:\/\/www.koest.ch\/fr\/wp-json\/wp\/v2\/comments?post=4261"}],"version-history":[{"count":0,"href":"https:\/\/www.koest.ch\/fr\/wp-json\/wp\/v2\/posts\/4261\/revisions"}],"wp:attachment":[{"href":"https:\/\/www.koest.ch\/fr\/wp-json\/wp\/v2\/media?parent=4261"}],"wp:term":[{"taxonomy":"category","embeddable":true,"href":"https:\/\/www.koest.ch\/fr\/wp-json\/wp\/v2\/categories?post=4261"},{"taxonomy":"post_tag","embeddable":true,"href":"https:\/\/www.koest.ch\/fr\/wp-json\/wp\/v2\/tags?post=4261"}],"curies":[{"name":"wp","href":"https:\/\/api.w.org\/{rel}","templated":true}]}}