{"id":4263,"date":"2015-07-12T13:21:45","date_gmt":"2015-07-12T11:21:45","guid":{"rendered":"https:\/\/www.koest.ch\/un-sonntagsblick-sensationnel-sur-le-theme-des-contributions-aux-campagnes-electorales\/"},"modified":"2015-07-12T13:21:45","modified_gmt":"2015-07-12T11:21:45","slug":"un-sonntagsblick-sensationnel-sur-le-theme-des-contributions-aux-campagnes-electorales","status":"publish","type":"post","link":"https:\/\/www.koest.ch\/fr\/un-sonntagsblick-sensationnel-sur-le-theme-des-contributions-aux-campagnes-electorales\/","title":{"rendered":"Un Sonntagsblick sensationnel sur le th\u00e8me des contributions aux campagnes \u00e9lectorales"},"content":{"rendered":"<p>Dans le Sonntagsblick, Walter St\u00fcdeli fait preuve de transparence en ce qui concerne les contributions aux campagnes \u00e9lectorales.<br \/>\nLa question des dons \u00e9lectoraux aux d\u00e9put\u00e9s est d\u00e9licate.<br \/>\nMais, comme pour les dons aux partis, il est difficile de le r\u00e9soudre, car les strat\u00e9gies de contournement sont simples.<br \/>\nLe texte est racoleur.<br \/>\nChaque acteur peut d\u00e9cider lui-m\u00eame de la mani\u00e8re dont il g\u00e8re les dons de campagne.<br \/>\nUne plus grande transparence volontaire serait un pas important dans la bonne direction.       <a href=\"https:\/\/koest.cyon.site\/wp-content\/uploads\/2015\/07\/20150712_SoBli_Das-Treiben-der-Lobbyisten-im-Wahlkampf.pdf\"><a href=\"https:\/\/koest.cyon.site\/wp-content\/uploads\/2015\/07\/20150712_SoBli_Das-Treiben-der-Lobbyisten-im-Wahlkampf.pdf\">20150712_SoBli_L&rsquo;action des lobbyistes dans la campagne \u00e9lectorale (PDF)<\/a><\/a><\/p>\n","protected":false},"excerpt":{"rendered":"<p>Dans le Sonntagsblick, Walter St\u00fcdeli fait preuve de transparence en ce qui concerne les contributions aux campagnes \u00e9lectorales. La question des dons \u00e9lectoraux aux d\u00e9put\u00e9s [&hellip;]<\/p>\n","protected":false},"author":1,"featured_media":3550,"comment_status":"closed","ping_status":"open","sticky":false,"template":"","format":"standard","meta":{"_acf_changed":false,"site-sidebar-layout":"default","site-content-layout":"default","ast-site-content-layout":"default","site-content-style":"default","site-sidebar-style":"default","ast-global-header-display":"","ast-banner-title-visibility":"","ast-main-header-display":"","ast-hfb-above-header-display":"","ast-hfb-below-header-display":"","ast-hfb-mobile-header-display":"","site-post-title":"","ast-breadcrumbs-content":"","ast-featured-img":"","footer-sml-layout":"","ast-disable-related-posts":"","theme-transparent-header-meta":"default","adv-header-id-meta":"","stick-header-meta":"","header-above-stick-meta":"","header-main-stick-meta":"","header-below-stick-meta":"","astra-migrate-meta-layouts":"default","ast-page-background-enabled":"default","ast-page-background-meta":{"desktop":{"background-color":"","background-image":"","background-repeat":"repeat","background-position":"center center","background-size":"auto","background-attachment":"scroll","background-type":"","background-media":"","overlay-type":"","overlay-color":"","overlay-opacity":"","overlay-gradient":""},"tablet":{"background-color":"","background-image":"","background-repeat":"repeat","background-position":"center center","background-size":"auto","background-attachment":"scroll","background-type":"","background-media":"","overlay-type":"","overlay-color":"","overlay-opacity":"","overlay-gradient":""},"mobile":{"background-color":"","background-image":"","background-repeat":"repeat","background-position":"center center","background-size":"auto","background-attachment":"scroll","background-type":"","background-media":"","overlay-type":"","overlay-color":"","overlay-opacity":"","overlay-gradient":""}},"ast-content-background-meta":{"desktop":{"background-color":"var(--ast-global-color-5)","background-image":"","background-repeat":"repeat","background-position":"center center","background-size":"auto","background-attachment":"scroll","background-type":"","background-media":"","overlay-type":"","overlay-color":"","overlay-opacity":"","overlay-gradient":""},"tablet":{"background-color":"var(--ast-global-color-5)","background-image":"","background-repeat":"repeat","background-position":"center center","background-size":"auto","background-attachment":"scroll","background-type":"","background-media":"","overlay-type":"","overlay-color":"","overlay-opacity":"","overlay-gradient":""},"mobile":{"background-color":"var(--ast-global-color-5)","background-image":"","background-repeat":"repeat","background-position":"center center","background-size":"auto","background-attachment":"scroll","background-type":"","background-media":"","overlay-type":"","overlay-color":"","overlay-opacity":"","overlay-gradient":""}},"footnotes":""},"categories":[41,36],"tags":[],"class_list":["post-4263","post","type-post","status-publish","format-standard","has-post-thumbnail","hentry","category-medias","category-non-classe"],"acf":[],"yoast_head":"<!-- This site is optimized with the Yoast SEO plugin v27.4 - https:\/\/yoast.com\/product\/yoast-seo-wordpress\/ -->\n<title>Un Sonntagsblick sensationnel sur le th\u00e8me des contributions aux campagnes \u00e9lectorales | K\u00f6hler, St\u00fcdeli &amp; Partner GmbH<\/title>\n<meta name=\"robots\" content=\"index, follow, max-snippet:-1, max-image-preview:large, max-video-preview:-1\" \/>\n<link rel=\"canonical\" href=\"https:\/\/www.koest.ch\/fr\/un-sonntagsblick-sensationnel-sur-le-theme-des-contributions-aux-campagnes-electorales\/\" \/>\n<meta property=\"og:locale\" content=\"fr_FR\" \/>\n<meta property=\"og:type\" content=\"article\" \/>\n<meta property=\"og:title\" content=\"Un Sonntagsblick sensationnel sur le th\u00e8me des contributions aux campagnes \u00e9lectorales | K\u00f6hler, St\u00fcdeli &amp; Partner GmbH\" \/>\n<meta property=\"og:description\" content=\"Dans le Sonntagsblick, Walter St\u00fcdeli fait preuve de transparence en ce qui concerne les contributions aux campagnes \u00e9lectorales. La question des dons \u00e9lectoraux aux d\u00e9put\u00e9s [&hellip;]\" \/>\n<meta property=\"og:url\" content=\"https:\/\/www.koest.ch\/fr\/un-sonntagsblick-sensationnel-sur-le-theme-des-contributions-aux-campagnes-electorales\/\" \/>\n<meta property=\"og:site_name\" content=\"K\u00f6hler, St\u00fcdeli &amp; Partner GmbH\" \/>\n<meta property=\"article:publisher\" content=\"https:\/\/www.facebook.com\/koehlerstuedeli\/\" \/>\n<meta property=\"article:published_time\" content=\"2015-07-12T11:21:45+00:00\" \/>\n<meta property=\"og:image\" content=\"https:\/\/www.koest.ch\/wp-content\/uploads\/2019\/12\/aktuelles_15_07_12.png\" \/>\n\t<meta property=\"og:image:width\" content=\"256\" \/>\n\t<meta property=\"og:image:height\" content=\"244\" \/>\n\t<meta property=\"og:image:type\" content=\"image\/png\" \/>\n<meta name=\"author\" content=\"Nicolas Kyramarios\" \/>\n<script type=\"application\/ld+json\" class=\"yoast-schema-graph\">{\"@context\":\"https:\\\/\\\/schema.org\",\"@graph\":[{\"@type\":\"Article\",\"@id\":\"https:\\\/\\\/www.koest.ch\\\/fr\\\/un-sonntagsblick-sensationnel-sur-le-theme-des-contributions-aux-campagnes-electorales\\\/#article\",\"isPartOf\":{\"@id\":\"https:\\\/\\\/www.koest.ch\\\/fr\\\/un-sonntagsblick-sensationnel-sur-le-theme-des-contributions-aux-campagnes-electorales\\\/\"},\"author\":{\"name\":\"Nicolas Kyramarios\",\"@id\":\"https:\\\/\\\/www.koest.ch\\\/fr\\\/#\\\/schema\\\/person\\\/8381125888356833fa526f3cc9dbcdc2\"},\"headline\":\"Un Sonntagsblick sensationnel sur le th\u00e8me des contributions aux campagnes \u00e9lectorales\",\"datePublished\":\"2015-07-12T11:21:45+00:00\",\"mainEntityOfPage\":{\"@id\":\"https:\\\/\\\/www.koest.ch\\\/fr\\\/un-sonntagsblick-sensationnel-sur-le-theme-des-contributions-aux-campagnes-electorales\\\/\"},\"wordCount\":111,\"publisher\":{\"@id\":\"https:\\\/\\\/www.koest.ch\\\/fr\\\/#organization\"},\"image\":{\"@id\":\"https:\\\/\\\/www.koest.ch\\\/fr\\\/un-sonntagsblick-sensationnel-sur-le-theme-des-contributions-aux-campagnes-electorales\\\/#primaryimage\"},\"thumbnailUrl\":\"https:\\\/\\\/www.koest.ch\\\/wp-content\\\/uploads\\\/2019\\\/12\\\/aktuelles_15_07_12.png\",\"articleSection\":[\"M\u00e9dias\"],\"inLanguage\":\"fr-FR\"},{\"@type\":[\"WebPage\",\"MedicalWebPage\"],\"@id\":\"https:\\\/\\\/www.koest.ch\\\/fr\\\/un-sonntagsblick-sensationnel-sur-le-theme-des-contributions-aux-campagnes-electorales\\\/\",\"url\":\"https:\\\/\\\/www.koest.ch\\\/fr\\\/un-sonntagsblick-sensationnel-sur-le-theme-des-contributions-aux-campagnes-electorales\\\/\",\"name\":\"Un Sonntagsblick sensationnel sur le th\u00e8me des contributions aux campagnes \u00e9lectorales | K\u00f6hler, St\u00fcdeli &amp; Partner GmbH\",\"isPartOf\":{\"@id\":\"https:\\\/\\\/www.koest.ch\\\/fr\\\/#website\"},\"primaryImageOfPage\":{\"@id\":\"https:\\\/\\\/www.koest.ch\\\/fr\\\/un-sonntagsblick-sensationnel-sur-le-theme-des-contributions-aux-campagnes-electorales\\\/#primaryimage\"},\"image\":{\"@id\":\"https:\\\/\\\/www.koest.ch\\\/fr\\\/un-sonntagsblick-sensationnel-sur-le-theme-des-contributions-aux-campagnes-electorales\\\/#primaryimage\"},\"thumbnailUrl\":\"https:\\\/\\\/www.koest.ch\\\/wp-content\\\/uploads\\\/2019\\\/12\\\/aktuelles_15_07_12.png\",\"datePublished\":\"2015-07-12T11:21:45+00:00\",\"breadcrumb\":{\"@id\":\"https:\\\/\\\/www.koest.ch\\\/fr\\\/un-sonntagsblick-sensationnel-sur-le-theme-des-contributions-aux-campagnes-electorales\\\/#breadcrumb\"},\"inLanguage\":\"fr-FR\",\"potentialAction\":[{\"@type\":\"ReadAction\",\"target\":[\"https:\\\/\\\/www.koest.ch\\\/fr\\\/un-sonntagsblick-sensationnel-sur-le-theme-des-contributions-aux-campagnes-electorales\\\/\"]}]},{\"@type\":\"ImageObject\",\"inLanguage\":\"fr-FR\",\"@id\":\"https:\\\/\\\/www.koest.ch\\\/fr\\\/un-sonntagsblick-sensationnel-sur-le-theme-des-contributions-aux-campagnes-electorales\\\/#primaryimage\",\"url\":\"https:\\\/\\\/www.koest.ch\\\/wp-content\\\/uploads\\\/2019\\\/12\\\/aktuelles_15_07_12.png\",\"contentUrl\":\"https:\\\/\\\/www.koest.ch\\\/wp-content\\\/uploads\\\/2019\\\/12\\\/aktuelles_15_07_12.png\",\"width\":256,\"height\":244},{\"@type\":\"BreadcrumbList\",\"@id\":\"https:\\\/\\\/www.koest.ch\\\/fr\\\/un-sonntagsblick-sensationnel-sur-le-theme-des-contributions-aux-campagnes-electorales\\\/#breadcrumb\",\"itemListElement\":[{\"@type\":\"ListItem\",\"position\":1,\"name\":\"Startseite\",\"item\":\"https:\\\/\\\/www.koest.ch\\\/fr\\\/koehler-stuedeli-partner-gmbh\\\/\"},{\"@type\":\"ListItem\",\"position\":2,\"name\":\"Un Sonntagsblick sensationnel sur le th\u00e8me des contributions aux campagnes \u00e9lectorales\"}]},{\"@type\":\"WebSite\",\"@id\":\"https:\\\/\\\/www.koest.ch\\\/fr\\\/#website\",\"url\":\"https:\\\/\\\/www.koest.ch\\\/fr\\\/\",\"name\":\"K\u00f6hler, St\u00fcdeli & Partner GmbH\",\"description\":\"Politikberatung, Verbands- und Kommunikationsmanagement, Kampagnen\",\"publisher\":{\"@id\":\"https:\\\/\\\/www.koest.ch\\\/fr\\\/#organization\"},\"alternateName\":\"koest.ch\",\"potentialAction\":[{\"@type\":\"SearchAction\",\"target\":{\"@type\":\"EntryPoint\",\"urlTemplate\":\"https:\\\/\\\/www.koest.ch\\\/fr\\\/?s={search_term_string}\"},\"query-input\":{\"@type\":\"PropertyValueSpecification\",\"valueRequired\":true,\"valueName\":\"search_term_string\"}}],\"inLanguage\":\"fr-FR\"},{\"@type\":\"Organization\",\"@id\":\"https:\\\/\\\/www.koest.ch\\\/fr\\\/#organization\",\"name\":\"K\u00f6hler, St\u00fcdeli & Partner GmbH\",\"alternateName\":\"koest.ch\",\"url\":\"https:\\\/\\\/www.koest.ch\\\/fr\\\/\",\"logo\":{\"@type\":\"ImageObject\",\"inLanguage\":\"fr-FR\",\"@id\":\"https:\\\/\\\/www.koest.ch\\\/fr\\\/#\\\/schema\\\/logo\\\/image\\\/\",\"url\":\"https:\\\/\\\/www.koest.ch\\\/wp-content\\\/uploads\\\/2020\\\/01\\\/logo_koehler_stuedeli_partner_gmbh.png\",\"contentUrl\":\"https:\\\/\\\/www.koest.ch\\\/wp-content\\\/uploads\\\/2020\\\/01\\\/logo_koehler_stuedeli_partner_gmbh.png\",\"width\":453,\"height\":220,\"caption\":\"K\u00f6hler, St\u00fcdeli & Partner GmbH\"},\"image\":{\"@id\":\"https:\\\/\\\/www.koest.ch\\\/fr\\\/#\\\/schema\\\/logo\\\/image\\\/\"},\"sameAs\":[\"https:\\\/\\\/www.facebook.com\\\/koehlerstuedeli\\\/\",\"https:\\\/\\\/x.com\\\/walter_stuedeli\",\"https:\\\/\\\/ch.linkedin.com\\\/in\\\/walterstuedeli\"]},{\"@type\":\"Person\",\"@id\":\"https:\\\/\\\/www.koest.ch\\\/fr\\\/#\\\/schema\\\/person\\\/8381125888356833fa526f3cc9dbcdc2\",\"name\":\"Nicolas Kyramarios\",\"image\":{\"@type\":\"ImageObject\",\"inLanguage\":\"fr-FR\",\"@id\":\"https:\\\/\\\/secure.gravatar.com\\\/avatar\\\/192987de55ad6c754fe81a1b12bb5294e54c8a9d93541ae377ebe44b636d888d?s=96&d=mm&r=g\",\"url\":\"https:\\\/\\\/secure.gravatar.com\\\/avatar\\\/192987de55ad6c754fe81a1b12bb5294e54c8a9d93541ae377ebe44b636d888d?s=96&d=mm&r=g\",\"contentUrl\":\"https:\\\/\\\/secure.gravatar.com\\\/avatar\\\/192987de55ad6c754fe81a1b12bb5294e54c8a9d93541ae377ebe44b636d888d?s=96&d=mm&r=g\",\"caption\":\"Nicolas Kyramarios\"}}]}<\/script>\n<!-- \/ Yoast SEO plugin. -->","yoast_head_json":{"title":"Un Sonntagsblick sensationnel sur le th\u00e8me des contributions aux campagnes \u00e9lectorales | K\u00f6hler, St\u00fcdeli &amp; Partner GmbH","robots":{"index":"index","follow":"follow","max-snippet":"max-snippet:-1","max-image-preview":"max-image-preview:large","max-video-preview":"max-video-preview:-1"},"canonical":"https:\/\/www.koest.ch\/fr\/un-sonntagsblick-sensationnel-sur-le-theme-des-contributions-aux-campagnes-electorales\/","og_locale":"fr_FR","og_type":"article","og_title":"Un Sonntagsblick sensationnel sur le th\u00e8me des contributions aux campagnes \u00e9lectorales | K\u00f6hler, St\u00fcdeli &amp; Partner GmbH","og_description":"Dans le Sonntagsblick, Walter St\u00fcdeli fait preuve de transparence en ce qui concerne les contributions aux campagnes \u00e9lectorales. La question des dons \u00e9lectoraux aux d\u00e9put\u00e9s [&hellip;]","og_url":"https:\/\/www.koest.ch\/fr\/un-sonntagsblick-sensationnel-sur-le-theme-des-contributions-aux-campagnes-electorales\/","og_site_name":"K\u00f6hler, St\u00fcdeli &amp; Partner GmbH","article_publisher":"https:\/\/www.facebook.com\/koehlerstuedeli\/","article_published_time":"2015-07-12T11:21:45+00:00","og_image":[{"width":256,"height":244,"url":"https:\/\/www.koest.ch\/wp-content\/uploads\/2019\/12\/aktuelles_15_07_12.png","type":"image\/png"}],"author":"Nicolas Kyramarios","schema":{"@context":"https:\/\/schema.org","@graph":[{"@type":"Article","@id":"https:\/\/www.koest.ch\/fr\/un-sonntagsblick-sensationnel-sur-le-theme-des-contributions-aux-campagnes-electorales\/#article","isPartOf":{"@id":"https:\/\/www.koest.ch\/fr\/un-sonntagsblick-sensationnel-sur-le-theme-des-contributions-aux-campagnes-electorales\/"},"author":{"name":"Nicolas Kyramarios","@id":"https:\/\/www.koest.ch\/fr\/#\/schema\/person\/8381125888356833fa526f3cc9dbcdc2"},"headline":"Un Sonntagsblick sensationnel sur le th\u00e8me des contributions aux campagnes \u00e9lectorales","datePublished":"2015-07-12T11:21:45+00:00","mainEntityOfPage":{"@id":"https:\/\/www.koest.ch\/fr\/un-sonntagsblick-sensationnel-sur-le-theme-des-contributions-aux-campagnes-electorales\/"},"wordCount":111,"publisher":{"@id":"https:\/\/www.koest.ch\/fr\/#organization"},"image":{"@id":"https:\/\/www.koest.ch\/fr\/un-sonntagsblick-sensationnel-sur-le-theme-des-contributions-aux-campagnes-electorales\/#primaryimage"},"thumbnailUrl":"https:\/\/www.koest.ch\/wp-content\/uploads\/2019\/12\/aktuelles_15_07_12.png","articleSection":["M\u00e9dias"],"inLanguage":"fr-FR"},{"@type":["WebPage","MedicalWebPage"],"@id":"https:\/\/www.koest.ch\/fr\/un-sonntagsblick-sensationnel-sur-le-theme-des-contributions-aux-campagnes-electorales\/","url":"https:\/\/www.koest.ch\/fr\/un-sonntagsblick-sensationnel-sur-le-theme-des-contributions-aux-campagnes-electorales\/","name":"Un Sonntagsblick sensationnel sur le th\u00e8me des contributions aux campagnes \u00e9lectorales | K\u00f6hler, St\u00fcdeli &amp; Partner GmbH","isPartOf":{"@id":"https:\/\/www.koest.ch\/fr\/#website"},"primaryImageOfPage":{"@id":"https:\/\/www.koest.ch\/fr\/un-sonntagsblick-sensationnel-sur-le-theme-des-contributions-aux-campagnes-electorales\/#primaryimage"},"image":{"@id":"https:\/\/www.koest.ch\/fr\/un-sonntagsblick-sensationnel-sur-le-theme-des-contributions-aux-campagnes-electorales\/#primaryimage"},"thumbnailUrl":"https:\/\/www.koest.ch\/wp-content\/uploads\/2019\/12\/aktuelles_15_07_12.png","datePublished":"2015-07-12T11:21:45+00:00","breadcrumb":{"@id":"https:\/\/www.koest.ch\/fr\/un-sonntagsblick-sensationnel-sur-le-theme-des-contributions-aux-campagnes-electorales\/#breadcrumb"},"inLanguage":"fr-FR","potentialAction":[{"@type":"ReadAction","target":["https:\/\/www.koest.ch\/fr\/un-sonntagsblick-sensationnel-sur-le-theme-des-contributions-aux-campagnes-electorales\/"]}]},{"@type":"ImageObject","inLanguage":"fr-FR","@id":"https:\/\/www.koest.ch\/fr\/un-sonntagsblick-sensationnel-sur-le-theme-des-contributions-aux-campagnes-electorales\/#primaryimage","url":"https:\/\/www.koest.ch\/wp-content\/uploads\/2019\/12\/aktuelles_15_07_12.png","contentUrl":"https:\/\/www.koest.ch\/wp-content\/uploads\/2019\/12\/aktuelles_15_07_12.png","width":256,"height":244},{"@type":"BreadcrumbList","@id":"https:\/\/www.koest.ch\/fr\/un-sonntagsblick-sensationnel-sur-le-theme-des-contributions-aux-campagnes-electorales\/#breadcrumb","itemListElement":[{"@type":"ListItem","position":1,"name":"Startseite","item":"https:\/\/www.koest.ch\/fr\/koehler-stuedeli-partner-gmbh\/"},{"@type":"ListItem","position":2,"name":"Un Sonntagsblick sensationnel sur le th\u00e8me des contributions aux campagnes \u00e9lectorales"}]},{"@type":"WebSite","@id":"https:\/\/www.koest.ch\/fr\/#website","url":"https:\/\/www.koest.ch\/fr\/","name":"K\u00f6hler, St\u00fcdeli & Partner GmbH","description":"Politikberatung, Verbands- und Kommunikationsmanagement, Kampagnen","publisher":{"@id":"https:\/\/www.koest.ch\/fr\/#organization"},"alternateName":"koest.ch","potentialAction":[{"@type":"SearchAction","target":{"@type":"EntryPoint","urlTemplate":"https:\/\/www.koest.ch\/fr\/?s={search_term_string}"},"query-input":{"@type":"PropertyValueSpecification","valueRequired":true,"valueName":"search_term_string"}}],"inLanguage":"fr-FR"},{"@type":"Organization","@id":"https:\/\/www.koest.ch\/fr\/#organization","name":"K\u00f6hler, St\u00fcdeli & Partner GmbH","alternateName":"koest.ch","url":"https:\/\/www.koest.ch\/fr\/","logo":{"@type":"ImageObject","inLanguage":"fr-FR","@id":"https:\/\/www.koest.ch\/fr\/#\/schema\/logo\/image\/","url":"https:\/\/www.koest.ch\/wp-content\/uploads\/2020\/01\/logo_koehler_stuedeli_partner_gmbh.png","contentUrl":"https:\/\/www.koest.ch\/wp-content\/uploads\/2020\/01\/logo_koehler_stuedeli_partner_gmbh.png","width":453,"height":220,"caption":"K\u00f6hler, St\u00fcdeli & Partner GmbH"},"image":{"@id":"https:\/\/www.koest.ch\/fr\/#\/schema\/logo\/image\/"},"sameAs":["https:\/\/www.facebook.com\/koehlerstuedeli\/","https:\/\/x.com\/walter_stuedeli","https:\/\/ch.linkedin.com\/in\/walterstuedeli"]},{"@type":"Person","@id":"https:\/\/www.koest.ch\/fr\/#\/schema\/person\/8381125888356833fa526f3cc9dbcdc2","name":"Nicolas Kyramarios","image":{"@type":"ImageObject","inLanguage":"fr-FR","@id":"https:\/\/secure.gravatar.com\/avatar\/192987de55ad6c754fe81a1b12bb5294e54c8a9d93541ae377ebe44b636d888d?s=96&d=mm&r=g","url":"https:\/\/secure.gravatar.com\/avatar\/192987de55ad6c754fe81a1b12bb5294e54c8a9d93541ae377ebe44b636d888d?s=96&d=mm&r=g","contentUrl":"https:\/\/secure.gravatar.com\/avatar\/192987de55ad6c754fe81a1b12bb5294e54c8a9d93541ae377ebe44b636d888d?s=96&d=mm&r=g","caption":"Nicolas Kyramarios"}}]}},"_links":{"self":[{"href":"https:\/\/www.koest.ch\/fr\/wp-json\/wp\/v2\/posts\/4263","targetHints":{"allow":["GET"]}}],"collection":[{"href":"https:\/\/www.koest.ch\/fr\/wp-json\/wp\/v2\/posts"}],"about":[{"href":"https:\/\/www.koest.ch\/fr\/wp-json\/wp\/v2\/types\/post"}],"author":[{"embeddable":true,"href":"https:\/\/www.koest.ch\/fr\/wp-json\/wp\/v2\/users\/1"}],"replies":[{"embeddable":true,"href":"https:\/\/www.koest.ch\/fr\/wp-json\/wp\/v2\/comments?post=4263"}],"version-history":[{"count":0,"href":"https:\/\/www.koest.ch\/fr\/wp-json\/wp\/v2\/posts\/4263\/revisions"}],"wp:featuredmedia":[{"embeddable":true,"href":"https:\/\/www.koest.ch\/fr\/wp-json\/wp\/v2\/media\/3550"}],"wp:attachment":[{"href":"https:\/\/www.koest.ch\/fr\/wp-json\/wp\/v2\/media?parent=4263"}],"wp:term":[{"taxonomy":"category","embeddable":true,"href":"https:\/\/www.koest.ch\/fr\/wp-json\/wp\/v2\/categories?post=4263"},{"taxonomy":"post_tag","embeddable":true,"href":"https:\/\/www.koest.ch\/fr\/wp-json\/wp\/v2\/tags?post=4263"}],"curies":[{"name":"wp","href":"https:\/\/api.w.org\/{rel}","templated":true}]}}