{"id":4493,"date":"2024-12-23T12:20:53","date_gmt":"2024-12-23T11:20:53","guid":{"rendered":"https:\/\/www.koest.ch\/koehler-stuedeli-und-partner-vous-souhaite-de-bonnes-fetes-de-fin-dannee\/"},"modified":"2025-05-08T14:00:40","modified_gmt":"2025-05-08T12:00:40","slug":"koehler-stuedeli-und-partner-vous-souhaite-de-bonnes-fetes-de-fin-dannee","status":"publish","type":"post","link":"https:\/\/www.koest.ch\/fr\/koehler-stuedeli-und-partner-vous-souhaite-de-bonnes-fetes-de-fin-dannee\/","title":{"rendered":"K\u00f6hler, St\u00fcdeli und Partner vous souhaite de bonnes f\u00eates de fin d&rsquo;ann\u00e9e"},"content":{"rendered":"<p>L&rsquo;ann\u00e9e 2024 a \u00e9t\u00e9 intense et, du point de vue de la politique de sant\u00e9, \u00e9galement difficile. Nous nous r\u00e9jouissons n\u00e9anmoins de plusieurs succ\u00e8s (partiels) que nous avons pu accompagner. <!--more--><\/p>\n<p>Une s\u00e9lection :<\/p>\n<ul>\n<li>Groupe d&rsquo;experts en M\u00e9decine p\u00e9diatrique : achat de m\u00e9dicaments OTC \u00e0 l&rsquo;\u00e9tranger, implication des expertes dans l&rsquo;intervention pr\u00e9coce intensive pour les troubles du spectre autistique, IFI, repr\u00e9sentation dans l&rsquo;agenda des soins de base du DFI<\/li>\n<li>Swiss Medi Kids : nombreuses interventions parlementaires, travail m\u00e9diatique, contrats de subsistance avec les assurances maladie<\/li>\n<li>Physioswiss : Suspension de la modification de l&rsquo;ordonnance, cr\u00e9ation et r\u00e9union du groupe parlementaire Physioswiss. Groupe Physioswiss, projet de lancement d&rsquo;une initiative populaire f\u00e9d\u00e9rale <\/li>\n<li>Gyn\u00e9cologie Suisse : meilleure implication de l&rsquo;association dans la mise en \u0153uvre des interventions parlementaires en rapport avec les pr\u00e9occupations gyn\u00e9cologiques<\/li>\n<li>F\u00e9d\u00e9ration suisse des sages-femmes : Ancrage des prestations dans l&rsquo;assurance de base AOS, nouvelle version au Conseil national<\/li>\n<li>GI eHealth : cr\u00e9ation du comit\u00e9 sectoriel DigiSant\u00e9, direction et droit de proposition du comit\u00e9 sectoriel pour de nouveaux projets,<\/li>\n<li>GI eMediplan (Groupe d&rsquo;int\u00e9r\u00eat pour le plan de traitement \u00e9lectronique) : Mise \u00e0 jour des normes eMediplan et eprescirption, travaux du groupe strat\u00e9gique<\/li>\n<li>Association fa\u00eeti\u00e8re de la m\u00e9decine compl\u00e9mentaire : d\u00e9veloppement du portail d&rsquo;information Millefolia.ch et intensification des relations avec les m\u00e9dias<\/li>\n<\/ul>\n<p>Je suis particuli\u00e8rement heureux de la bonne collaboration avec le DFI, l&rsquo;OFSP et Swissmedic, que nous esp\u00e9rons pouvoir poursuivre dans les ann\u00e9es \u00e0 venir. Depuis le changement de d\u00e9partement, un vent frais et tr\u00e8s b\u00e9n\u00e9fique souffle. <\/p>\n<p>Nous vous souhaitons \u00e0 tous de bonnes f\u00eates de fin d&rsquo;ann\u00e9e et un bon d\u00e9but d&rsquo;ann\u00e9e 2025. Nous profitons des vacances de No\u00ebl et serons de nouveau \u00e0 votre disposition \u00e0 partir du 6 janvier 2024. <\/p>\n<p>Graphiques : Olaf M\u00fcller (K\u00f6hler, St\u00fcdeli &amp; Partenaire S\u00e0rl)<\/p>\n<p><img fetchpriority=\"high\" decoding=\"async\" class=\"alignleft size-full wp-image-4533\" src=\"https:\/\/www.koest.ch\/wp-content\/uploads\/2025\/01\/XMAS.jpg\" alt=\"\" width=\"480\" height=\"640\" srcset=\"https:\/\/www.koest.ch\/wp-content\/uploads\/2025\/01\/XMAS.jpg 480w, https:\/\/www.koest.ch\/wp-content\/uploads\/2025\/01\/XMAS-225x300.jpg 225w\" sizes=\"(max-width: 480px) 100vw, 480px\" \/><\/p>\n","protected":false},"excerpt":{"rendered":"<p>L&rsquo;ann\u00e9e 2024 a \u00e9t\u00e9 intense et, du point de vue de la politique de sant\u00e9, \u00e9galement difficile. Nous nous r\u00e9jouissons n\u00e9anmoins de plusieurs succ\u00e8s (partiels) [&hellip;]<\/p>\n","protected":false},"author":6,"featured_media":4487,"comment_status":"closed","ping_status":"closed","sticky":false,"template":"","format":"standard","meta":{"_acf_changed":false,"site-sidebar-layout":"default","site-content-layout":"","ast-site-content-layout":"default","site-content-style":"default","site-sidebar-style":"default","ast-global-header-display":"","ast-banner-title-visibility":"","ast-main-header-display":"","ast-hfb-above-header-display":"","ast-hfb-below-header-display":"","ast-hfb-mobile-header-display":"","site-post-title":"","ast-breadcrumbs-content":"","ast-featured-img":"","footer-sml-layout":"","ast-disable-related-posts":"","theme-transparent-header-meta":"default","adv-header-id-meta":"","stick-header-meta":"","header-above-stick-meta":"","header-main-stick-meta":"","header-below-stick-meta":"","astra-migrate-meta-layouts":"set","ast-page-background-enabled":"default","ast-page-background-meta":{"desktop":{"background-color":"","background-image":"","background-repeat":"repeat","background-position":"center center","background-size":"auto","background-attachment":"scroll","background-type":"","background-media":"","overlay-type":"","overlay-color":"","overlay-opacity":"","overlay-gradient":""},"tablet":{"background-color":"","background-image":"","background-repeat":"repeat","background-position":"center center","background-size":"auto","background-attachment":"scroll","background-type":"","background-media":"","overlay-type":"","overlay-color":"","overlay-opacity":"","overlay-gradient":""},"mobile":{"background-color":"","background-image":"","background-repeat":"repeat","background-position":"center center","background-size":"auto","background-attachment":"scroll","background-type":"","background-media":"","overlay-type":"","overlay-color":"","overlay-opacity":"","overlay-gradient":""}},"ast-content-background-meta":{"desktop":{"background-color":"var(--ast-global-color-5)","background-image":"","background-repeat":"repeat","background-position":"center center","background-size":"auto","background-attachment":"scroll","background-type":"","background-media":"","overlay-type":"","overlay-color":"","overlay-opacity":"","overlay-gradient":""},"tablet":{"background-color":"var(--ast-global-color-5)","background-image":"","background-repeat":"repeat","background-position":"center center","background-size":"auto","background-attachment":"scroll","background-type":"","background-media":"","overlay-type":"","overlay-color":"","overlay-opacity":"","overlay-gradient":""},"mobile":{"background-color":"var(--ast-global-color-5)","background-image":"","background-repeat":"repeat","background-position":"center center","background-size":"auto","background-attachment":"scroll","background-type":"","background-media":"","overlay-type":"","overlay-color":"","overlay-opacity":"","overlay-gradient":""}},"footnotes":""},"categories":[37],"tags":[67,68],"class_list":["post-4493","post","type-post","status-publish","format-standard","has-post-thumbnail","hentry","category-divers","tag-fetes-de-fin-dannee","tag-noel"],"acf":[],"yoast_head":"<!-- This site is optimized with the Yoast SEO plugin v27.4 - https:\/\/yoast.com\/product\/yoast-seo-wordpress\/ -->\n<title>K\u00f6hler, St\u00fcdeli und Partner vous souhaite de bonnes f\u00eates de fin d&#039;ann\u00e9e | K\u00f6hler, St\u00fcdeli &amp; Partner GmbH<\/title>\n<meta name=\"robots\" content=\"index, follow, max-snippet:-1, max-image-preview:large, max-video-preview:-1\" \/>\n<link rel=\"canonical\" href=\"https:\/\/www.koest.ch\/fr\/koehler-stuedeli-und-partner-vous-souhaite-de-bonnes-fetes-de-fin-dannee\/\" \/>\n<meta property=\"og:locale\" content=\"fr_FR\" \/>\n<meta property=\"og:type\" content=\"article\" \/>\n<meta property=\"og:title\" content=\"K\u00f6hler, St\u00fcdeli und Partner vous souhaite de bonnes f\u00eates de fin d&#039;ann\u00e9e | K\u00f6hler, St\u00fcdeli &amp; Partner GmbH\" \/>\n<meta property=\"og:description\" content=\"L&rsquo;ann\u00e9e 2024 a \u00e9t\u00e9 intense et, du point de vue de la politique de sant\u00e9, \u00e9galement difficile. Nous nous r\u00e9jouissons n\u00e9anmoins de plusieurs succ\u00e8s (partiels) [&hellip;]\" \/>\n<meta property=\"og:url\" content=\"https:\/\/www.koest.ch\/fr\/koehler-stuedeli-und-partner-vous-souhaite-de-bonnes-fetes-de-fin-dannee\/\" \/>\n<meta property=\"og:site_name\" content=\"K\u00f6hler, St\u00fcdeli &amp; Partner GmbH\" \/>\n<meta property=\"article:publisher\" content=\"https:\/\/www.facebook.com\/koehlerstuedeli\/\" \/>\n<meta property=\"article:published_time\" content=\"2024-12-23T11:20:53+00:00\" \/>\n<meta property=\"article:modified_time\" content=\"2025-05-08T12:00:40+00:00\" \/>\n<meta property=\"og:image\" content=\"https:\/\/www.koest.ch\/wp-content\/uploads\/2024\/12\/koest-festtage-neujahr-2024-v4.png\" \/>\n\t<meta property=\"og:image:width\" content=\"842\" \/>\n\t<meta property=\"og:image:height\" content=\"520\" \/>\n\t<meta property=\"og:image:type\" content=\"image\/png\" \/>\n<meta name=\"author\" content=\"Walter St\u00fcdeli\" \/>\n<script type=\"application\/ld+json\" class=\"yoast-schema-graph\">{\"@context\":\"https:\\\/\\\/schema.org\",\"@graph\":[{\"@type\":\"Article\",\"@id\":\"https:\\\/\\\/www.koest.ch\\\/fr\\\/koehler-stuedeli-und-partner-vous-souhaite-de-bonnes-fetes-de-fin-dannee\\\/#article\",\"isPartOf\":{\"@id\":\"https:\\\/\\\/www.koest.ch\\\/fr\\\/koehler-stuedeli-und-partner-vous-souhaite-de-bonnes-fetes-de-fin-dannee\\\/\"},\"author\":{\"name\":\"Walter St\u00fcdeli\",\"@id\":\"https:\\\/\\\/www.koest.ch\\\/fr\\\/#\\\/schema\\\/person\\\/f0ee5b8568fa4809a76af88e0ea07fe4\"},\"headline\":\"K\u00f6hler, St\u00fcdeli und Partner vous souhaite de bonnes f\u00eates de fin d&rsquo;ann\u00e9e\",\"datePublished\":\"2024-12-23T11:20:53+00:00\",\"dateModified\":\"2025-05-08T12:00:40+00:00\",\"mainEntityOfPage\":{\"@id\":\"https:\\\/\\\/www.koest.ch\\\/fr\\\/koehler-stuedeli-und-partner-vous-souhaite-de-bonnes-fetes-de-fin-dannee\\\/\"},\"wordCount\":348,\"publisher\":{\"@id\":\"https:\\\/\\\/www.koest.ch\\\/fr\\\/#organization\"},\"image\":{\"@id\":\"https:\\\/\\\/www.koest.ch\\\/fr\\\/koehler-stuedeli-und-partner-vous-souhaite-de-bonnes-fetes-de-fin-dannee\\\/#primaryimage\"},\"thumbnailUrl\":\"https:\\\/\\\/www.koest.ch\\\/wp-content\\\/uploads\\\/2024\\\/12\\\/koest-festtage-neujahr-2024-v4.png\",\"keywords\":[\"F\u00eates de fin d'ann\u00e9e\",\"No\u00ebl\"],\"articleSection\":[\"Divers\"],\"inLanguage\":\"fr-FR\"},{\"@type\":[\"WebPage\",\"MedicalWebPage\"],\"@id\":\"https:\\\/\\\/www.koest.ch\\\/fr\\\/koehler-stuedeli-und-partner-vous-souhaite-de-bonnes-fetes-de-fin-dannee\\\/\",\"url\":\"https:\\\/\\\/www.koest.ch\\\/fr\\\/koehler-stuedeli-und-partner-vous-souhaite-de-bonnes-fetes-de-fin-dannee\\\/\",\"name\":\"K\u00f6hler, St\u00fcdeli und Partner vous souhaite de bonnes f\u00eates de fin d'ann\u00e9e | K\u00f6hler, St\u00fcdeli &amp; Partner GmbH\",\"isPartOf\":{\"@id\":\"https:\\\/\\\/www.koest.ch\\\/fr\\\/#website\"},\"primaryImageOfPage\":{\"@id\":\"https:\\\/\\\/www.koest.ch\\\/fr\\\/koehler-stuedeli-und-partner-vous-souhaite-de-bonnes-fetes-de-fin-dannee\\\/#primaryimage\"},\"image\":{\"@id\":\"https:\\\/\\\/www.koest.ch\\\/fr\\\/koehler-stuedeli-und-partner-vous-souhaite-de-bonnes-fetes-de-fin-dannee\\\/#primaryimage\"},\"thumbnailUrl\":\"https:\\\/\\\/www.koest.ch\\\/wp-content\\\/uploads\\\/2024\\\/12\\\/koest-festtage-neujahr-2024-v4.png\",\"datePublished\":\"2024-12-23T11:20:53+00:00\",\"dateModified\":\"2025-05-08T12:00:40+00:00\",\"breadcrumb\":{\"@id\":\"https:\\\/\\\/www.koest.ch\\\/fr\\\/koehler-stuedeli-und-partner-vous-souhaite-de-bonnes-fetes-de-fin-dannee\\\/#breadcrumb\"},\"inLanguage\":\"fr-FR\",\"potentialAction\":[{\"@type\":\"ReadAction\",\"target\":[\"https:\\\/\\\/www.koest.ch\\\/fr\\\/koehler-stuedeli-und-partner-vous-souhaite-de-bonnes-fetes-de-fin-dannee\\\/\"]}]},{\"@type\":\"ImageObject\",\"inLanguage\":\"fr-FR\",\"@id\":\"https:\\\/\\\/www.koest.ch\\\/fr\\\/koehler-stuedeli-und-partner-vous-souhaite-de-bonnes-fetes-de-fin-dannee\\\/#primaryimage\",\"url\":\"https:\\\/\\\/www.koest.ch\\\/wp-content\\\/uploads\\\/2024\\\/12\\\/koest-festtage-neujahr-2024-v4.png\",\"contentUrl\":\"https:\\\/\\\/www.koest.ch\\\/wp-content\\\/uploads\\\/2024\\\/12\\\/koest-festtage-neujahr-2024-v4.png\",\"width\":842,\"height\":520,\"caption\":\"K\u00f6hler, ST\u00fcdeli & Partner w\u00fcnscht frohe Weihnachten\"},{\"@type\":\"BreadcrumbList\",\"@id\":\"https:\\\/\\\/www.koest.ch\\\/fr\\\/koehler-stuedeli-und-partner-vous-souhaite-de-bonnes-fetes-de-fin-dannee\\\/#breadcrumb\",\"itemListElement\":[{\"@type\":\"ListItem\",\"position\":1,\"name\":\"Startseite\",\"item\":\"https:\\\/\\\/www.koest.ch\\\/fr\\\/koehler-stuedeli-partner-gmbh\\\/\"},{\"@type\":\"ListItem\",\"position\":2,\"name\":\"K\u00f6hler, St\u00fcdeli und Partner vous souhaite de bonnes f\u00eates de fin d&#8217;ann\u00e9e\"}]},{\"@type\":\"WebSite\",\"@id\":\"https:\\\/\\\/www.koest.ch\\\/fr\\\/#website\",\"url\":\"https:\\\/\\\/www.koest.ch\\\/fr\\\/\",\"name\":\"K\u00f6hler, St\u00fcdeli & Partner GmbH\",\"description\":\"Politikberatung, Verbands- und Kommunikationsmanagement, Kampagnen\",\"publisher\":{\"@id\":\"https:\\\/\\\/www.koest.ch\\\/fr\\\/#organization\"},\"alternateName\":\"koest.ch\",\"potentialAction\":[{\"@type\":\"SearchAction\",\"target\":{\"@type\":\"EntryPoint\",\"urlTemplate\":\"https:\\\/\\\/www.koest.ch\\\/fr\\\/?s={search_term_string}\"},\"query-input\":{\"@type\":\"PropertyValueSpecification\",\"valueRequired\":true,\"valueName\":\"search_term_string\"}}],\"inLanguage\":\"fr-FR\"},{\"@type\":\"Organization\",\"@id\":\"https:\\\/\\\/www.koest.ch\\\/fr\\\/#organization\",\"name\":\"K\u00f6hler, St\u00fcdeli & Partner GmbH\",\"alternateName\":\"koest.ch\",\"url\":\"https:\\\/\\\/www.koest.ch\\\/fr\\\/\",\"logo\":{\"@type\":\"ImageObject\",\"inLanguage\":\"fr-FR\",\"@id\":\"https:\\\/\\\/www.koest.ch\\\/fr\\\/#\\\/schema\\\/logo\\\/image\\\/\",\"url\":\"https:\\\/\\\/www.koest.ch\\\/wp-content\\\/uploads\\\/2020\\\/01\\\/logo_koehler_stuedeli_partner_gmbh.png\",\"contentUrl\":\"https:\\\/\\\/www.koest.ch\\\/wp-content\\\/uploads\\\/2020\\\/01\\\/logo_koehler_stuedeli_partner_gmbh.png\",\"width\":453,\"height\":220,\"caption\":\"K\u00f6hler, St\u00fcdeli & Partner GmbH\"},\"image\":{\"@id\":\"https:\\\/\\\/www.koest.ch\\\/fr\\\/#\\\/schema\\\/logo\\\/image\\\/\"},\"sameAs\":[\"https:\\\/\\\/www.facebook.com\\\/koehlerstuedeli\\\/\",\"https:\\\/\\\/x.com\\\/walter_stuedeli\",\"https:\\\/\\\/ch.linkedin.com\\\/in\\\/walterstuedeli\"]},{\"@type\":\"Person\",\"@id\":\"https:\\\/\\\/www.koest.ch\\\/fr\\\/#\\\/schema\\\/person\\\/f0ee5b8568fa4809a76af88e0ea07fe4\",\"name\":\"Walter St\u00fcdeli\",\"image\":{\"@type\":\"ImageObject\",\"inLanguage\":\"fr-FR\",\"@id\":\"https:\\\/\\\/secure.gravatar.com\\\/avatar\\\/fae8ed857bf28ec6d2e2fa0a070699ab3f0563684f59a99c86c1dee67b4183b4?s=96&d=mm&r=g\",\"url\":\"https:\\\/\\\/secure.gravatar.com\\\/avatar\\\/fae8ed857bf28ec6d2e2fa0a070699ab3f0563684f59a99c86c1dee67b4183b4?s=96&d=mm&r=g\",\"contentUrl\":\"https:\\\/\\\/secure.gravatar.com\\\/avatar\\\/fae8ed857bf28ec6d2e2fa0a070699ab3f0563684f59a99c86c1dee67b4183b4?s=96&d=mm&r=g\",\"caption\":\"Walter St\u00fcdeli\"}}]}<\/script>\n<!-- \/ Yoast SEO plugin. -->","yoast_head_json":{"title":"K\u00f6hler, St\u00fcdeli und Partner vous souhaite de bonnes f\u00eates de fin d'ann\u00e9e | K\u00f6hler, St\u00fcdeli &amp; Partner GmbH","robots":{"index":"index","follow":"follow","max-snippet":"max-snippet:-1","max-image-preview":"max-image-preview:large","max-video-preview":"max-video-preview:-1"},"canonical":"https:\/\/www.koest.ch\/fr\/koehler-stuedeli-und-partner-vous-souhaite-de-bonnes-fetes-de-fin-dannee\/","og_locale":"fr_FR","og_type":"article","og_title":"K\u00f6hler, St\u00fcdeli und Partner vous souhaite de bonnes f\u00eates de fin d'ann\u00e9e | K\u00f6hler, St\u00fcdeli &amp; Partner GmbH","og_description":"L&rsquo;ann\u00e9e 2024 a \u00e9t\u00e9 intense et, du point de vue de la politique de sant\u00e9, \u00e9galement difficile. Nous nous r\u00e9jouissons n\u00e9anmoins de plusieurs succ\u00e8s (partiels) [&hellip;]","og_url":"https:\/\/www.koest.ch\/fr\/koehler-stuedeli-und-partner-vous-souhaite-de-bonnes-fetes-de-fin-dannee\/","og_site_name":"K\u00f6hler, St\u00fcdeli &amp; Partner GmbH","article_publisher":"https:\/\/www.facebook.com\/koehlerstuedeli\/","article_published_time":"2024-12-23T11:20:53+00:00","article_modified_time":"2025-05-08T12:00:40+00:00","og_image":[{"width":842,"height":520,"url":"https:\/\/www.koest.ch\/wp-content\/uploads\/2024\/12\/koest-festtage-neujahr-2024-v4.png","type":"image\/png"}],"author":"Walter St\u00fcdeli","schema":{"@context":"https:\/\/schema.org","@graph":[{"@type":"Article","@id":"https:\/\/www.koest.ch\/fr\/koehler-stuedeli-und-partner-vous-souhaite-de-bonnes-fetes-de-fin-dannee\/#article","isPartOf":{"@id":"https:\/\/www.koest.ch\/fr\/koehler-stuedeli-und-partner-vous-souhaite-de-bonnes-fetes-de-fin-dannee\/"},"author":{"name":"Walter St\u00fcdeli","@id":"https:\/\/www.koest.ch\/fr\/#\/schema\/person\/f0ee5b8568fa4809a76af88e0ea07fe4"},"headline":"K\u00f6hler, St\u00fcdeli und Partner vous souhaite de bonnes f\u00eates de fin d&rsquo;ann\u00e9e","datePublished":"2024-12-23T11:20:53+00:00","dateModified":"2025-05-08T12:00:40+00:00","mainEntityOfPage":{"@id":"https:\/\/www.koest.ch\/fr\/koehler-stuedeli-und-partner-vous-souhaite-de-bonnes-fetes-de-fin-dannee\/"},"wordCount":348,"publisher":{"@id":"https:\/\/www.koest.ch\/fr\/#organization"},"image":{"@id":"https:\/\/www.koest.ch\/fr\/koehler-stuedeli-und-partner-vous-souhaite-de-bonnes-fetes-de-fin-dannee\/#primaryimage"},"thumbnailUrl":"https:\/\/www.koest.ch\/wp-content\/uploads\/2024\/12\/koest-festtage-neujahr-2024-v4.png","keywords":["F\u00eates de fin d'ann\u00e9e","No\u00ebl"],"articleSection":["Divers"],"inLanguage":"fr-FR"},{"@type":["WebPage","MedicalWebPage"],"@id":"https:\/\/www.koest.ch\/fr\/koehler-stuedeli-und-partner-vous-souhaite-de-bonnes-fetes-de-fin-dannee\/","url":"https:\/\/www.koest.ch\/fr\/koehler-stuedeli-und-partner-vous-souhaite-de-bonnes-fetes-de-fin-dannee\/","name":"K\u00f6hler, St\u00fcdeli und Partner vous souhaite de bonnes f\u00eates de fin d'ann\u00e9e | K\u00f6hler, St\u00fcdeli &amp; Partner GmbH","isPartOf":{"@id":"https:\/\/www.koest.ch\/fr\/#website"},"primaryImageOfPage":{"@id":"https:\/\/www.koest.ch\/fr\/koehler-stuedeli-und-partner-vous-souhaite-de-bonnes-fetes-de-fin-dannee\/#primaryimage"},"image":{"@id":"https:\/\/www.koest.ch\/fr\/koehler-stuedeli-und-partner-vous-souhaite-de-bonnes-fetes-de-fin-dannee\/#primaryimage"},"thumbnailUrl":"https:\/\/www.koest.ch\/wp-content\/uploads\/2024\/12\/koest-festtage-neujahr-2024-v4.png","datePublished":"2024-12-23T11:20:53+00:00","dateModified":"2025-05-08T12:00:40+00:00","breadcrumb":{"@id":"https:\/\/www.koest.ch\/fr\/koehler-stuedeli-und-partner-vous-souhaite-de-bonnes-fetes-de-fin-dannee\/#breadcrumb"},"inLanguage":"fr-FR","potentialAction":[{"@type":"ReadAction","target":["https:\/\/www.koest.ch\/fr\/koehler-stuedeli-und-partner-vous-souhaite-de-bonnes-fetes-de-fin-dannee\/"]}]},{"@type":"ImageObject","inLanguage":"fr-FR","@id":"https:\/\/www.koest.ch\/fr\/koehler-stuedeli-und-partner-vous-souhaite-de-bonnes-fetes-de-fin-dannee\/#primaryimage","url":"https:\/\/www.koest.ch\/wp-content\/uploads\/2024\/12\/koest-festtage-neujahr-2024-v4.png","contentUrl":"https:\/\/www.koest.ch\/wp-content\/uploads\/2024\/12\/koest-festtage-neujahr-2024-v4.png","width":842,"height":520,"caption":"K\u00f6hler, ST\u00fcdeli & Partner w\u00fcnscht frohe Weihnachten"},{"@type":"BreadcrumbList","@id":"https:\/\/www.koest.ch\/fr\/koehler-stuedeli-und-partner-vous-souhaite-de-bonnes-fetes-de-fin-dannee\/#breadcrumb","itemListElement":[{"@type":"ListItem","position":1,"name":"Startseite","item":"https:\/\/www.koest.ch\/fr\/koehler-stuedeli-partner-gmbh\/"},{"@type":"ListItem","position":2,"name":"K\u00f6hler, St\u00fcdeli und Partner vous souhaite de bonnes f\u00eates de fin d&#8217;ann\u00e9e"}]},{"@type":"WebSite","@id":"https:\/\/www.koest.ch\/fr\/#website","url":"https:\/\/www.koest.ch\/fr\/","name":"K\u00f6hler, St\u00fcdeli & Partner GmbH","description":"Politikberatung, Verbands- und Kommunikationsmanagement, Kampagnen","publisher":{"@id":"https:\/\/www.koest.ch\/fr\/#organization"},"alternateName":"koest.ch","potentialAction":[{"@type":"SearchAction","target":{"@type":"EntryPoint","urlTemplate":"https:\/\/www.koest.ch\/fr\/?s={search_term_string}"},"query-input":{"@type":"PropertyValueSpecification","valueRequired":true,"valueName":"search_term_string"}}],"inLanguage":"fr-FR"},{"@type":"Organization","@id":"https:\/\/www.koest.ch\/fr\/#organization","name":"K\u00f6hler, St\u00fcdeli & Partner GmbH","alternateName":"koest.ch","url":"https:\/\/www.koest.ch\/fr\/","logo":{"@type":"ImageObject","inLanguage":"fr-FR","@id":"https:\/\/www.koest.ch\/fr\/#\/schema\/logo\/image\/","url":"https:\/\/www.koest.ch\/wp-content\/uploads\/2020\/01\/logo_koehler_stuedeli_partner_gmbh.png","contentUrl":"https:\/\/www.koest.ch\/wp-content\/uploads\/2020\/01\/logo_koehler_stuedeli_partner_gmbh.png","width":453,"height":220,"caption":"K\u00f6hler, St\u00fcdeli & Partner GmbH"},"image":{"@id":"https:\/\/www.koest.ch\/fr\/#\/schema\/logo\/image\/"},"sameAs":["https:\/\/www.facebook.com\/koehlerstuedeli\/","https:\/\/x.com\/walter_stuedeli","https:\/\/ch.linkedin.com\/in\/walterstuedeli"]},{"@type":"Person","@id":"https:\/\/www.koest.ch\/fr\/#\/schema\/person\/f0ee5b8568fa4809a76af88e0ea07fe4","name":"Walter St\u00fcdeli","image":{"@type":"ImageObject","inLanguage":"fr-FR","@id":"https:\/\/secure.gravatar.com\/avatar\/fae8ed857bf28ec6d2e2fa0a070699ab3f0563684f59a99c86c1dee67b4183b4?s=96&d=mm&r=g","url":"https:\/\/secure.gravatar.com\/avatar\/fae8ed857bf28ec6d2e2fa0a070699ab3f0563684f59a99c86c1dee67b4183b4?s=96&d=mm&r=g","contentUrl":"https:\/\/secure.gravatar.com\/avatar\/fae8ed857bf28ec6d2e2fa0a070699ab3f0563684f59a99c86c1dee67b4183b4?s=96&d=mm&r=g","caption":"Walter St\u00fcdeli"}}]}},"_links":{"self":[{"href":"https:\/\/www.koest.ch\/fr\/wp-json\/wp\/v2\/posts\/4493","targetHints":{"allow":["GET"]}}],"collection":[{"href":"https:\/\/www.koest.ch\/fr\/wp-json\/wp\/v2\/posts"}],"about":[{"href":"https:\/\/www.koest.ch\/fr\/wp-json\/wp\/v2\/types\/post"}],"author":[{"embeddable":true,"href":"https:\/\/www.koest.ch\/fr\/wp-json\/wp\/v2\/users\/6"}],"replies":[{"embeddable":true,"href":"https:\/\/www.koest.ch\/fr\/wp-json\/wp\/v2\/comments?post=4493"}],"version-history":[{"count":0,"href":"https:\/\/www.koest.ch\/fr\/wp-json\/wp\/v2\/posts\/4493\/revisions"}],"wp:featuredmedia":[{"embeddable":true,"href":"https:\/\/www.koest.ch\/fr\/wp-json\/wp\/v2\/media\/4487"}],"wp:attachment":[{"href":"https:\/\/www.koest.ch\/fr\/wp-json\/wp\/v2\/media?parent=4493"}],"wp:term":[{"taxonomy":"category","embeddable":true,"href":"https:\/\/www.koest.ch\/fr\/wp-json\/wp\/v2\/categories?post=4493"},{"taxonomy":"post_tag","embeddable":true,"href":"https:\/\/www.koest.ch\/fr\/wp-json\/wp\/v2\/tags?post=4493"}],"curies":[{"name":"wp","href":"https:\/\/api.w.org\/{rel}","templated":true}]}}